{"id":805,"date":"2019-08-09T13:47:49","date_gmt":"2019-08-09T11:47:49","guid":{"rendered":"http:\/\/bedeker.waw.pl\/?p=805"},"modified":"2020-08-25T00:09:00","modified_gmt":"2020-08-24T22:09:00","slug":"pomnik-syrenki-warszawskiej-ze-starego-miasta","status":"publish","type":"post","link":"https:\/\/bedeker.waw.pl\/index.php\/2019\/08\/09\/pomnik-syrenki-warszawskiej-ze-starego-miasta\/","title":{"rendered":"Pomnik Syrenki Warszawskiej ze Starego Miasta"},"content":{"rendered":"\n<div class=\"wp-block-image is-style-default\"><figure class=\"aligncenter size-large is-resized\"><a href=\"https:\/\/bedeker.waw.pl\/wp-content\/uploads\/2019\/07\/DSC_5062_00001.jpg\"><img decoding=\"async\" loading=\"lazy\" src=\"https:\/\/bedeker.waw.pl\/wp-content\/uploads\/2019\/07\/DSC_5062_00001-1024x681.jpg\" alt=\"\" class=\"wp-image-807\" width=\"580\" height=\"385\" srcset=\"https:\/\/bedeker.waw.pl\/wp-content\/uploads\/2019\/07\/DSC_5062_00001-1024x681.jpg 1024w, https:\/\/bedeker.waw.pl\/wp-content\/uploads\/2019\/07\/DSC_5062_00001-300x199.jpg 300w, https:\/\/bedeker.waw.pl\/wp-content\/uploads\/2019\/07\/DSC_5062_00001-768x510.jpg 768w, https:\/\/bedeker.waw.pl\/wp-content\/uploads\/2019\/07\/DSC_5062_00001-370x246.jpg 370w, https:\/\/bedeker.waw.pl\/wp-content\/uploads\/2019\/07\/DSC_5062_00001-1040x691.jpg 1040w, https:\/\/bedeker.waw.pl\/wp-content\/uploads\/2019\/07\/DSC_5062_00001.jpg 1500w\" sizes=\"(max-width: 580px) 100vw, 580px\" \/><\/a><figcaption>  &#8222;Pomnik Syreny Warszawskiej na Rynku Starego Miasta w Warszawie&#8221; <br>fot. Rafa\u0142 Adrian Kraszewski 2018<\/figcaption><\/figure><\/div>\n\n\n\n<p class=\"has-medium-font-size\">Autorem Pomnika Syrenki Warszawskiej z Rynku Starego Miasta jest znany rze\u017abiarz austriackiego pochodzenia , urodzony w Warszawie, profesor Szko\u0142y Sztuk Pi\u0119knych \u2013 Konstanty Hegel.<\/p>\n\n\n\n<div class=\"wp-block-image\"><figure class=\"aligncenter is-resized\"><a href=\"https:\/\/bedeker.waw.pl\/wp-content\/uploads\/2019\/07\/KonstantyHegel_Grob_00003.jpg\"><img decoding=\"async\" loading=\"lazy\" src=\"https:\/\/bedeker.waw.pl\/wp-content\/uploads\/2019\/07\/KonstantyHegel_Grob_00003-683x1024.jpg\" alt=\"\" class=\"wp-image-893\" width=\"341\" height=\"511\" srcset=\"https:\/\/bedeker.waw.pl\/wp-content\/uploads\/2019\/07\/KonstantyHegel_Grob_00003-683x1024.jpg 683w, https:\/\/bedeker.waw.pl\/wp-content\/uploads\/2019\/07\/KonstantyHegel_Grob_00003-200x300.jpg 200w, https:\/\/bedeker.waw.pl\/wp-content\/uploads\/2019\/07\/KonstantyHegel_Grob_00003-768x1152.jpg 768w, https:\/\/bedeker.waw.pl\/wp-content\/uploads\/2019\/07\/KonstantyHegel_Grob_00003-370x555.jpg 370w, https:\/\/bedeker.waw.pl\/wp-content\/uploads\/2019\/07\/KonstantyHegel_Grob_00003-1040x1560.jpg 1040w, https:\/\/bedeker.waw.pl\/wp-content\/uploads\/2019\/07\/KonstantyHegel_Grob_00003.jpg 1500w\" sizes=\"(max-width: 341px) 100vw, 341px\" \/><\/a><figcaption> &#8222;Marmurowe popiersie Konstantego Hegla&#8221;<br>Gr\u00f3b na Starych Pow\u0105zkach<br>Kwatera 177, rz\u0105d 1, miejsce 24<br>fot. Rafa\u0142 Adrian Kraszewski 2019<\/figcaption><\/figure><\/div>\n\n\n\n<div class=\"wp-block-image\"><figure class=\"aligncenter is-resized\"><a href=\"https:\/\/bedeker.waw.pl\/wp-content\/uploads\/2019\/07\/KonstantyHegel_Grob.jpg\"><img decoding=\"async\" loading=\"lazy\" src=\"https:\/\/bedeker.waw.pl\/wp-content\/uploads\/2019\/07\/KonstantyHegel_Grob-1024x770.jpg\" alt=\"\" class=\"wp-image-895\" width=\"572\" height=\"430\" srcset=\"https:\/\/bedeker.waw.pl\/wp-content\/uploads\/2019\/07\/KonstantyHegel_Grob-1024x770.jpg 1024w, https:\/\/bedeker.waw.pl\/wp-content\/uploads\/2019\/07\/KonstantyHegel_Grob-300x226.jpg 300w, https:\/\/bedeker.waw.pl\/wp-content\/uploads\/2019\/07\/KonstantyHegel_Grob-768x578.jpg 768w, https:\/\/bedeker.waw.pl\/wp-content\/uploads\/2019\/07\/KonstantyHegel_Grob-370x278.jpg 370w, https:\/\/bedeker.waw.pl\/wp-content\/uploads\/2019\/07\/KonstantyHegel_Grob-1040x782.jpg 1040w\" sizes=\"(max-width: 572px) 100vw, 572px\" \/><\/a><figcaption> <br> &#8222;Gr\u00f3b Konstantego Hegla (materia\u0142 nagrobka &#8211; piaskowiec) <br>z marmurowym popiersiem mistrza&#8221;<br>Stare Pow\u0105zki &#8211; kwatera 177, rz\u0105d 1, miejsce 24<br>fot. Rafa\u0142 Adrian Kraszewski 2019  <\/figcaption><\/figure><\/div>\n\n\n\n<p class=\"has-medium-font-size\">Wszystko zacz\u0119\u0142o si\u0119 od projektu bardzo wa\u017cnego dla Warszawy architekta &#8211; Henryka Marconiego, autora pierwszych wodoci\u0105g\u00f3w warszawskich.  <\/p>\n\n\n\n<div class=\"wp-block-image\"><figure class=\"aligncenter is-resized\"><a href=\"https:\/\/bedeker.waw.pl\/wp-content\/uploads\/2019\/07\/Henryk_Marconi_1.jpg\"><img decoding=\"async\" loading=\"lazy\" src=\"https:\/\/bedeker.waw.pl\/wp-content\/uploads\/2019\/07\/Henryk_Marconi_1-777x1024.jpg\" alt=\"\" class=\"wp-image-885\" width=\"417\" height=\"549\" srcset=\"https:\/\/bedeker.waw.pl\/wp-content\/uploads\/2019\/07\/Henryk_Marconi_1-777x1024.jpg 777w, https:\/\/bedeker.waw.pl\/wp-content\/uploads\/2019\/07\/Henryk_Marconi_1-228x300.jpg 228w, https:\/\/bedeker.waw.pl\/wp-content\/uploads\/2019\/07\/Henryk_Marconi_1-768x1012.jpg 768w, https:\/\/bedeker.waw.pl\/wp-content\/uploads\/2019\/07\/Henryk_Marconi_1-370x487.jpg 370w, https:\/\/bedeker.waw.pl\/wp-content\/uploads\/2019\/07\/Henryk_Marconi_1-1040x1370.jpg 1040w, https:\/\/bedeker.waw.pl\/wp-content\/uploads\/2019\/07\/Henryk_Marconi_1.jpg 1500w\" sizes=\"(max-width: 417px) 100vw, 417px\" \/><\/a><figcaption>Portret Henryka Marconiego. <br>Rys. Polkowski J\u00f3zef Tadeusz Ryt. Styfi Jan<br> Tygodnik Illustrowany. 1863, T.7 nr 186, s. 149<br>\u0179r\u00f3d\u0142o: Mazowiecka Biblioteka Cyfrowa<br><\/figcaption><\/figure><\/div>\n\n\n\n<div class=\"wp-block-image\"><figure class=\"aligncenter is-resized\"><a href=\"https:\/\/bedeker.waw.pl\/wp-content\/uploads\/2019\/07\/HenrykMarconi_Grob.jpg\"><img decoding=\"async\" loading=\"lazy\" src=\"https:\/\/bedeker.waw.pl\/wp-content\/uploads\/2019\/07\/HenrykMarconi_Grob-681x1024.jpg\" alt=\"\" class=\"wp-image-898\" width=\"428\" height=\"644\" srcset=\"https:\/\/bedeker.waw.pl\/wp-content\/uploads\/2019\/07\/HenrykMarconi_Grob-681x1024.jpg 681w, https:\/\/bedeker.waw.pl\/wp-content\/uploads\/2019\/07\/HenrykMarconi_Grob-199x300.jpg 199w, https:\/\/bedeker.waw.pl\/wp-content\/uploads\/2019\/07\/HenrykMarconi_Grob-768x1155.jpg 768w, https:\/\/bedeker.waw.pl\/wp-content\/uploads\/2019\/07\/HenrykMarconi_Grob-370x556.jpg 370w, https:\/\/bedeker.waw.pl\/wp-content\/uploads\/2019\/07\/HenrykMarconi_Grob-1040x1564.jpg 1040w, https:\/\/bedeker.waw.pl\/wp-content\/uploads\/2019\/07\/HenrykMarconi_Grob.jpg 1500w\" sizes=\"(max-width: 428px) 100vw, 428px\" \/><\/a><figcaption>Gr\u00f3b Henryka Marconiego wykonany z marmuru i piaskowca.<br>Stare Pow\u0105zki &#8211; kwatera 177 WPROST, rz\u0105d 5, miejsce 9\/10<br> fot. Rafa\u0142 Adrian Kraszewski 2019<\/figcaption><\/figure><\/div>\n\n\n\n<p class=\"has-medium-font-size\">Projekt ten zak\u0142ada\u0142 wybudowanie szeregu wodotrysk\u00f3w w najbardziej reprezentacyjnych miejscach XIX wiecznej Warszawy. <\/p>\n\n\n\n<div class=\"wp-block-image\"><figure class=\"aligncenter is-resized\"><a href=\"https:\/\/bedeker.waw.pl\/wp-content\/uploads\/2019\/07\/Pierwsze_wodociagi02.jpg\"><img decoding=\"async\" loading=\"lazy\" src=\"https:\/\/bedeker.waw.pl\/wp-content\/uploads\/2019\/07\/Pierwsze_wodociagi02-1024x765.jpg\" alt=\"\" class=\"wp-image-812\" width=\"555\" height=\"414\" srcset=\"https:\/\/bedeker.waw.pl\/wp-content\/uploads\/2019\/07\/Pierwsze_wodociagi02-1024x765.jpg 1024w, https:\/\/bedeker.waw.pl\/wp-content\/uploads\/2019\/07\/Pierwsze_wodociagi02-300x224.jpg 300w, https:\/\/bedeker.waw.pl\/wp-content\/uploads\/2019\/07\/Pierwsze_wodociagi02-768x574.jpg 768w, https:\/\/bedeker.waw.pl\/wp-content\/uploads\/2019\/07\/Pierwsze_wodociagi02-370x276.jpg 370w, https:\/\/bedeker.waw.pl\/wp-content\/uploads\/2019\/07\/Pierwsze_wodociagi02-1040x777.jpg 1040w\" sizes=\"(max-width: 555px) 100vw, 555px\" \/><\/a><figcaption>&#8222;Plan kierunku rur wodoci\u0105gu warszawskiego&#8221; Seweryn Oleszczy\u0144ski (1855 rok)<br>\u0179r\u00f3d\u0142o: Biblioteka Narodowa<br><\/figcaption><\/figure><\/div>\n\n\n\n<p class=\"has-medium-font-size\">Pomnik Syreny Warszawskiej wraz z wodotryskiem postanowiono umie\u015bci\u0107 na Rynku Starego Miasta.  <\/p>\n\n\n\n<div class=\"wp-block-image\"><figure class=\"aligncenter is-resized\"><a href=\"https:\/\/bedeker.waw.pl\/wp-content\/uploads\/2019\/07\/Pierwsze_wodociagi01.jpg\"><img decoding=\"async\" loading=\"lazy\" src=\"https:\/\/bedeker.waw.pl\/wp-content\/uploads\/2019\/07\/Pierwsze_wodociagi01-1024x723.jpg\" alt=\"\" class=\"wp-image-813\" width=\"547\" height=\"386\" srcset=\"https:\/\/bedeker.waw.pl\/wp-content\/uploads\/2019\/07\/Pierwsze_wodociagi01-1024x723.jpg 1024w, https:\/\/bedeker.waw.pl\/wp-content\/uploads\/2019\/07\/Pierwsze_wodociagi01-300x212.jpg 300w, https:\/\/bedeker.waw.pl\/wp-content\/uploads\/2019\/07\/Pierwsze_wodociagi01-768x542.jpg 768w, https:\/\/bedeker.waw.pl\/wp-content\/uploads\/2019\/07\/Pierwsze_wodociagi01-370x261.jpg 370w, https:\/\/bedeker.waw.pl\/wp-content\/uploads\/2019\/07\/Pierwsze_wodociagi01-1040x734.jpg 1040w\" sizes=\"(max-width: 547px) 100vw, 547px\" \/><\/a><figcaption>&#8222;Fragment planu kierunku rur wodoci\u0105gu warszawskiego&#8221; Seweryn Oleszczy\u0144ski (1855 rok) \u0179r\u00f3d\u0142o: Biblioteka Narodowa<\/figcaption><\/figure><\/div>\n\n\n\n<p class=\"has-medium-font-size\">Cynkowa rze\u017aba Konstantego Hegla zosta\u0142a odlana w warszawskim zak\u0142adzie Karola Juliusza Mintera. <\/p>\n\n\n\n<div class=\"wp-block-image\"><figure class=\"aligncenter is-resized\"><a href=\"https:\/\/bedeker.waw.pl\/wp-content\/uploads\/2019\/07\/KarolJuliuszMinter.jpg\"><img decoding=\"async\" loading=\"lazy\" src=\"https:\/\/bedeker.waw.pl\/wp-content\/uploads\/2019\/07\/KarolJuliuszMinter-801x1024.jpg\" alt=\"\" class=\"wp-image-900\" width=\"371\" height=\"473\" srcset=\"https:\/\/bedeker.waw.pl\/wp-content\/uploads\/2019\/07\/KarolJuliuszMinter-801x1024.jpg 801w, https:\/\/bedeker.waw.pl\/wp-content\/uploads\/2019\/07\/KarolJuliuszMinter-235x300.jpg 235w, https:\/\/bedeker.waw.pl\/wp-content\/uploads\/2019\/07\/KarolJuliuszMinter-768x982.jpg 768w, https:\/\/bedeker.waw.pl\/wp-content\/uploads\/2019\/07\/KarolJuliuszMinter-370x473.jpg 370w, https:\/\/bedeker.waw.pl\/wp-content\/uploads\/2019\/07\/KarolJuliuszMinter-1040x1329.jpg 1040w, https:\/\/bedeker.waw.pl\/wp-content\/uploads\/2019\/07\/KarolJuliuszMinter.jpg 1500w\" sizes=\"(max-width: 371px) 100vw, 371px\" \/><\/a><figcaption>Portret Karola Juliusza Mintera<br> Tygodnik Illustrowany. 1892, Seria 5, T. 6 nr 138, s. 125<br>\u0179r\u00f3d\u0142o: Mazowiecka Biblioteka Cyfrowa<\/figcaption><\/figure><\/div>\n\n\n\n<p class=\"has-medium-font-size\">Ustawiono j\u0105 w 1855 roku w centralnej cz\u0119\u015bci ogromnego targowiska, kt\u00f3re w\u00f3wczas znajdowa\u0142o si\u0119 na Rynku Starego Miasta.<\/p>\n\n\n\n<div class=\"wp-block-image\"><figure class=\"aligncenter is-resized\"><a href=\"https:\/\/bedeker.waw.pl\/wp-content\/uploads\/2019\/07\/di36736.jpg\"><img decoding=\"async\" loading=\"lazy\" src=\"https:\/\/bedeker.waw.pl\/wp-content\/uploads\/2019\/07\/di36736.jpg\" alt=\"\" class=\"wp-image-824\" width=\"558\" height=\"435\" srcset=\"https:\/\/bedeker.waw.pl\/wp-content\/uploads\/2019\/07\/di36736.jpg 800w, https:\/\/bedeker.waw.pl\/wp-content\/uploads\/2019\/07\/di36736-300x234.jpg 300w, https:\/\/bedeker.waw.pl\/wp-content\/uploads\/2019\/07\/di36736-768x599.jpg 768w, https:\/\/bedeker.waw.pl\/wp-content\/uploads\/2019\/07\/di36736-370x289.jpg 370w\" sizes=\"(max-width: 558px) 100vw, 558px\" \/><\/a><figcaption>Rynek Starego Miasta w Warszawie na fotografii z 1865 roku. Autorem zdj\u0119cia jest Jan Mieczkowski. Widoczne Targ i dwie studnie pierwszych wodoci\u0105g\u00f3w warszawskich. Mi\u0119dzy nimi&nbsp;znajduje si\u0119 pomnik Syreny Warszawskiej Konstantego Hegla.<br>\u0179r\u00f3d\u0142o: Muzeum Narodowe w Warszawie<br><\/figcaption><\/figure><\/div>\n\n\n\n<div class=\"wp-block-image\"><figure class=\"aligncenter is-resized\"><a href=\"https:\/\/bedeker.waw.pl\/wp-content\/uploads\/2019\/07\/WarszawskaSyrenka01.jpg\"><img decoding=\"async\" loading=\"lazy\" src=\"https:\/\/bedeker.waw.pl\/wp-content\/uploads\/2019\/07\/WarszawskaSyrenka01-1024x736.jpg\" alt=\"\" class=\"wp-image-816\" width=\"553\" height=\"397\" srcset=\"https:\/\/bedeker.waw.pl\/wp-content\/uploads\/2019\/07\/WarszawskaSyrenka01-1024x736.jpg 1024w, https:\/\/bedeker.waw.pl\/wp-content\/uploads\/2019\/07\/WarszawskaSyrenka01-300x216.jpg 300w, https:\/\/bedeker.waw.pl\/wp-content\/uploads\/2019\/07\/WarszawskaSyrenka01-768x552.jpg 768w, https:\/\/bedeker.waw.pl\/wp-content\/uploads\/2019\/07\/WarszawskaSyrenka01-370x266.jpg 370w, https:\/\/bedeker.waw.pl\/wp-content\/uploads\/2019\/07\/WarszawskaSyrenka01-1040x747.jpg 1040w\" sizes=\"(max-width: 553px) 100vw, 553px\" \/><\/a><figcaption>&#8222;Targowisko na Rynku Starego Miasta pod koniec XIX wieku&#8221; Maurycy Pusch<br>\u0179r\u00f3d\u0142o: Biblioteka Narodowa<br><\/figcaption><\/figure><\/div>\n\n\n\n<div class=\"wp-block-image\"><figure class=\"aligncenter is-resized\"><a href=\"https:\/\/bedeker.waw.pl\/wp-content\/uploads\/2019\/07\/0002.jpg\"><img decoding=\"async\" loading=\"lazy\" src=\"https:\/\/bedeker.waw.pl\/wp-content\/uploads\/2019\/07\/0002-1024x702.jpg\" alt=\"\" class=\"wp-image-842\" width=\"579\" height=\"396\" srcset=\"https:\/\/bedeker.waw.pl\/wp-content\/uploads\/2019\/07\/0002-1024x702.jpg 1024w, https:\/\/bedeker.waw.pl\/wp-content\/uploads\/2019\/07\/0002-300x206.jpg 300w, https:\/\/bedeker.waw.pl\/wp-content\/uploads\/2019\/07\/0002-768x527.jpg 768w, https:\/\/bedeker.waw.pl\/wp-content\/uploads\/2019\/07\/0002-370x254.jpg 370w, https:\/\/bedeker.waw.pl\/wp-content\/uploads\/2019\/07\/0002-1040x713.jpg 1040w, https:\/\/bedeker.waw.pl\/wp-content\/uploads\/2019\/07\/0002.jpg 1146w\" sizes=\"(max-width: 579px) 100vw, 579px\" \/><\/a><figcaption>Fragment zdj\u0119cia Maurycego Puscha. &#8222;Widoczny pomnik Syreny Warszawskiej na Rynku Starego Miasta pod koniec XIX wieku&#8221; <br>\u0179r\u00f3d\u0142o: Biblioteka Narodowa<\/figcaption><\/figure><\/div>\n\n\n\n<p class=\"has-medium-font-size\">Pocz\u0105tkowo rze\u017aba by\u0142a na sztucznej skale wy\u0142aniaj\u0105cej si\u0119 po \u015brodku basenu z wod\u0105.  Konstanty Hegel stworzy\u0142 Syrenk\u0119 Warszawsk\u0105 na wz\u00f3r meluzyny, z podw\u00f3jnym ogonem, mieczem w prawej i tarcz\u0105 w lewej r\u0119ce.  To w\u0142a\u015bnie podw\u00f3jny ogon sprawi\u0142, \u017ce rze\u017aba sta\u0142a si\u0119 bardzo wyj\u0105tkowa.<\/p>\n\n\n\n<div class=\"wp-block-image\"><figure class=\"aligncenter is-resized\"><a href=\"https:\/\/bedeker.waw.pl\/wp-content\/uploads\/2019\/07\/DSC_3350_00006.jpg\"><img decoding=\"async\" loading=\"lazy\" src=\"https:\/\/bedeker.waw.pl\/wp-content\/uploads\/2019\/07\/DSC_3350_00006-681x1024.jpg\" alt=\"\" class=\"wp-image-822\" width=\"388\" height=\"584\" srcset=\"https:\/\/bedeker.waw.pl\/wp-content\/uploads\/2019\/07\/DSC_3350_00006-681x1024.jpg 681w, https:\/\/bedeker.waw.pl\/wp-content\/uploads\/2019\/07\/DSC_3350_00006-199x300.jpg 199w, https:\/\/bedeker.waw.pl\/wp-content\/uploads\/2019\/07\/DSC_3350_00006-768x1155.jpg 768w, https:\/\/bedeker.waw.pl\/wp-content\/uploads\/2019\/07\/DSC_3350_00006-370x557.jpg 370w, https:\/\/bedeker.waw.pl\/wp-content\/uploads\/2019\/07\/DSC_3350_00006.jpg 997w\" sizes=\"(max-width: 388px) 100vw, 388px\" \/><\/a><figcaption>&#8222;Podw\u00f3jny ogon Syreny Warszawskiej Konstantego Hegla&#8221;<br>(Muzeum Warszawy)<br>fot. Rafa\u0142 Adrian Kraszewski 2019<\/figcaption><\/figure><\/div>\n\n\n\n<p class=\"has-medium-font-size\">Warte uwagi jest, \u017ce by\u0142 to pierwszy pomnik warszawskiego herbu. Niestety rze\u017aba Syrenki Warszawskiej by\u0142a zupe\u0142nie niewidoczna w\u015br\u00f3d du\u017cej ilo\u015bci otaczaj\u0105cych j\u0105 stragan\u00f3w.   <\/p>\n\n\n\n<div class=\"wp-block-image\"><figure class=\"aligncenter is-resized\"><a href=\"https:\/\/bedeker.waw.pl\/wp-content\/uploads\/2019\/07\/LCSyena.jpg\"><img decoding=\"async\" loading=\"lazy\" src=\"https:\/\/bedeker.waw.pl\/wp-content\/uploads\/2019\/07\/LCSyena-1024x756.jpg\" alt=\"\" class=\"wp-image-881\" width=\"581\" height=\"429\" srcset=\"https:\/\/bedeker.waw.pl\/wp-content\/uploads\/2019\/07\/LCSyena-1024x756.jpg 1024w, https:\/\/bedeker.waw.pl\/wp-content\/uploads\/2019\/07\/LCSyena-300x222.jpg 300w, https:\/\/bedeker.waw.pl\/wp-content\/uploads\/2019\/07\/LCSyena-768x567.jpg 768w, https:\/\/bedeker.waw.pl\/wp-content\/uploads\/2019\/07\/LCSyena-370x273.jpg 370w, https:\/\/bedeker.waw.pl\/wp-content\/uploads\/2019\/07\/LCSyena-1040x768.jpg 1040w, https:\/\/bedeker.waw.pl\/wp-content\/uploads\/2019\/07\/LCSyena.jpg 2003w\" sizes=\"(max-width: 581px) 100vw, 581px\" \/><\/a><figcaption>Rynek Starego Miasta w Warszawie pod koniec XIX wieku.<br>\u0179r\u00f3d\u0142o: Library of Congress Prints and Photographs Division Washington, D.C. 20540 USA <\/figcaption><\/figure><\/div>\n\n\n\n<div class=\"wp-block-image\"><figure class=\"aligncenter is-resized\"><a href=\"https:\/\/bedeker.waw.pl\/wp-content\/uploads\/2019\/07\/WarszawskaSyrenka02.jpg\"><img decoding=\"async\" loading=\"lazy\" src=\"https:\/\/bedeker.waw.pl\/wp-content\/uploads\/2019\/07\/WarszawskaSyrenka02-1024x649.jpg\" alt=\"\" class=\"wp-image-819\" width=\"578\" height=\"366\" srcset=\"https:\/\/bedeker.waw.pl\/wp-content\/uploads\/2019\/07\/WarszawskaSyrenka02-1024x649.jpg 1024w, https:\/\/bedeker.waw.pl\/wp-content\/uploads\/2019\/07\/WarszawskaSyrenka02-300x190.jpg 300w, https:\/\/bedeker.waw.pl\/wp-content\/uploads\/2019\/07\/WarszawskaSyrenka02-768x487.jpg 768w, https:\/\/bedeker.waw.pl\/wp-content\/uploads\/2019\/07\/WarszawskaSyrenka02-370x235.jpg 370w, https:\/\/bedeker.waw.pl\/wp-content\/uploads\/2019\/07\/WarszawskaSyrenka02-1040x659.jpg 1040w\" sizes=\"(max-width: 578px) 100vw, 578px\" \/><\/a><figcaption>Poczt\u00f3wka z prze\u0142omu XIX i XX wieku, w kt\u00f3rej wykorzystano zdj\u0119cie Maurycego Puscha.<br>\u0179r\u00f3d\u0142o: Biblioteka Narodowa<br><\/figcaption><\/figure><\/div>\n\n\n\n<div class=\"wp-block-image\"><figure class=\"aligncenter is-resized\"><a href=\"https:\/\/bedeker.waw.pl\/wp-content\/uploads\/2019\/07\/WarszawskaSyrenka03.jpg\"><img decoding=\"async\" loading=\"lazy\" src=\"https:\/\/bedeker.waw.pl\/wp-content\/uploads\/2019\/07\/WarszawskaSyrenka03-1024x678.jpg\" alt=\"\" class=\"wp-image-828\" width=\"562\" height=\"372\" srcset=\"https:\/\/bedeker.waw.pl\/wp-content\/uploads\/2019\/07\/WarszawskaSyrenka03-1024x678.jpg 1024w, https:\/\/bedeker.waw.pl\/wp-content\/uploads\/2019\/07\/WarszawskaSyrenka03-300x199.jpg 300w, https:\/\/bedeker.waw.pl\/wp-content\/uploads\/2019\/07\/WarszawskaSyrenka03-768x509.jpg 768w, https:\/\/bedeker.waw.pl\/wp-content\/uploads\/2019\/07\/WarszawskaSyrenka03-370x245.jpg 370w, https:\/\/bedeker.waw.pl\/wp-content\/uploads\/2019\/07\/WarszawskaSyrenka03-1040x689.jpg 1040w\" sizes=\"(max-width: 562px) 100vw, 562px\" \/><\/a><figcaption>Stare Miasto w Warszawie (Berlin : W. Hagelberg, 1901)<br>\u0179r\u00f3d\u0142o: Biblioteka Narodowa<br><\/figcaption><\/figure><\/div>\n\n\n\n<div class=\"wp-block-image\"><figure class=\"aligncenter is-resized\"><a href=\"https:\/\/bedeker.waw.pl\/wp-content\/uploads\/2019\/07\/RynekStaregoMiasta.jpg\"><img decoding=\"async\" loading=\"lazy\" src=\"https:\/\/bedeker.waw.pl\/wp-content\/uploads\/2019\/07\/RynekStaregoMiasta-1024x645.jpg\" alt=\"\" class=\"wp-image-833\" width=\"569\" height=\"358\" srcset=\"https:\/\/bedeker.waw.pl\/wp-content\/uploads\/2019\/07\/RynekStaregoMiasta-1024x645.jpg 1024w, https:\/\/bedeker.waw.pl\/wp-content\/uploads\/2019\/07\/RynekStaregoMiasta-300x189.jpg 300w, https:\/\/bedeker.waw.pl\/wp-content\/uploads\/2019\/07\/RynekStaregoMiasta-768x484.jpg 768w, https:\/\/bedeker.waw.pl\/wp-content\/uploads\/2019\/07\/RynekStaregoMiasta-370x233.jpg 370w, https:\/\/bedeker.waw.pl\/wp-content\/uploads\/2019\/07\/RynekStaregoMiasta-1040x655.jpg 1040w\" sizes=\"(max-width: 569px) 100vw, 569px\" \/><\/a><figcaption>Poczt\u00f3wka z pocz\u0105tku XX wieku. Stare Miasto w Warszawie. <br>Wydawnictwo K. Wojuty\u0144skiego.<br>\u0179r\u00f3d\u0142o: Biblioteka Narodowa<br><\/figcaption><\/figure><\/div>\n\n\n\n<p class=\"has-medium-font-size\">Stare Miasto w Warszawie by\u0142o bardzo zaniedbane. Na pocz\u0105tku XX wieku renowacj\u0105 tej cz\u0119\u015bci Warszawy zainteresowa\u0142o si\u0119 Towarzystwo Opieki nad Zabytkami Przesz\u0142o\u015bci.  <\/p>\n\n\n\n<div class=\"wp-block-image\"><figure class=\"aligncenter is-resized\"><a href=\"https:\/\/bedeker.waw.pl\/wp-content\/uploads\/2019\/07\/Rynek_Starego_Miasta_1912.jpg\"><img decoding=\"async\" loading=\"lazy\" src=\"https:\/\/bedeker.waw.pl\/wp-content\/uploads\/2019\/07\/Rynek_Starego_Miasta_1912-1024x657.jpg\" alt=\"\" class=\"wp-image-865\" width=\"571\" height=\"366\" srcset=\"https:\/\/bedeker.waw.pl\/wp-content\/uploads\/2019\/07\/Rynek_Starego_Miasta_1912-1024x657.jpg 1024w, https:\/\/bedeker.waw.pl\/wp-content\/uploads\/2019\/07\/Rynek_Starego_Miasta_1912-300x193.jpg 300w, https:\/\/bedeker.waw.pl\/wp-content\/uploads\/2019\/07\/Rynek_Starego_Miasta_1912-768x493.jpg 768w, https:\/\/bedeker.waw.pl\/wp-content\/uploads\/2019\/07\/Rynek_Starego_Miasta_1912-370x237.jpg 370w, https:\/\/bedeker.waw.pl\/wp-content\/uploads\/2019\/07\/Rynek_Starego_Miasta_1912-1040x668.jpg 1040w\" sizes=\"(max-width: 571px) 100vw, 571px\" \/><\/a><figcaption>Poczt\u00f3wka. Widoczny jest targ na Rynku Starego Miasta w Warszawie ( oko\u0142o 1912 roku).<br>Wydawnictwo K. Wojuty\u0144skiego <br>\u0179r\u00f3d\u0142o: Biblioteka Narodowa<br><\/figcaption><\/figure><\/div>\n\n\n\n<div class=\"wp-block-image\"><figure class=\"aligncenter is-resized\"><a href=\"https:\/\/bedeker.waw.pl\/wp-content\/uploads\/2019\/07\/IS_PAN_BR0000007287_Pomnik_Syreny.jpg\"><img decoding=\"async\" loading=\"lazy\" src=\"https:\/\/bedeker.waw.pl\/wp-content\/uploads\/2019\/07\/IS_PAN_BR0000007287_Pomnik_Syreny-1024x706.jpg\" alt=\"\" class=\"wp-image-889\" width=\"564\" height=\"388\" srcset=\"https:\/\/bedeker.waw.pl\/wp-content\/uploads\/2019\/07\/IS_PAN_BR0000007287_Pomnik_Syreny-1024x706.jpg 1024w, https:\/\/bedeker.waw.pl\/wp-content\/uploads\/2019\/07\/IS_PAN_BR0000007287_Pomnik_Syreny-300x207.jpg 300w, https:\/\/bedeker.waw.pl\/wp-content\/uploads\/2019\/07\/IS_PAN_BR0000007287_Pomnik_Syreny-768x529.jpg 768w, https:\/\/bedeker.waw.pl\/wp-content\/uploads\/2019\/07\/IS_PAN_BR0000007287_Pomnik_Syreny-370x255.jpg 370w, https:\/\/bedeker.waw.pl\/wp-content\/uploads\/2019\/07\/IS_PAN_BR0000007287_Pomnik_Syreny-1040x717.jpg 1040w\" sizes=\"(max-width: 564px) 100vw, 564px\" \/><\/a><figcaption> Rynek Starego Miasta, pomnik Syrenki<br>Autor zdj\u0119cia: Kalinowski Zdzis\u0142aw<br>Fotografia wykonana do 1914 roku.<br> IS_PAN_BR0000007287 <br>(reprodukcja pozytywu ze Zbior\u00f3w Fotografii i Rysunk\u00f3w Pomiarowych Instytutu Sztuki Polskiej Akademii Nauk\/ d. zbiory TONZP nr R-11669)<br><strong>Zamieszczono za zgod\u0105 Instytutu Sztuki PAN<\/strong><br> <strong>W celu dalszego wykorzystania nale\u017cy kontaktowa\u0107 si\u0119 z Instytutem Sztuki PAN<\/strong> <\/figcaption><\/figure><\/div>\n\n\n\n<div class=\"wp-block-image\"><figure class=\"aligncenter is-resized\"><a href=\"https:\/\/bedeker.waw.pl\/wp-content\/uploads\/2019\/07\/Syrenka_RynekStareMiasto.jpg\"><img decoding=\"async\" loading=\"lazy\" src=\"https:\/\/bedeker.waw.pl\/wp-content\/uploads\/2019\/07\/Syrenka_RynekStareMiasto-1024x655.jpg\" alt=\"\" class=\"wp-image-840\" width=\"569\" height=\"363\" srcset=\"https:\/\/bedeker.waw.pl\/wp-content\/uploads\/2019\/07\/Syrenka_RynekStareMiasto-1024x655.jpg 1024w, https:\/\/bedeker.waw.pl\/wp-content\/uploads\/2019\/07\/Syrenka_RynekStareMiasto-300x192.jpg 300w, https:\/\/bedeker.waw.pl\/wp-content\/uploads\/2019\/07\/Syrenka_RynekStareMiasto-768x491.jpg 768w, https:\/\/bedeker.waw.pl\/wp-content\/uploads\/2019\/07\/Syrenka_RynekStareMiasto-370x237.jpg 370w, https:\/\/bedeker.waw.pl\/wp-content\/uploads\/2019\/07\/Syrenka_RynekStareMiasto-1040x665.jpg 1040w\" sizes=\"(max-width: 569px) 100vw, 569px\" \/><\/a><figcaption>Poczt\u00f3wka. Widoczny jest targ na Rynku Starego Miasta w Warszawie (przed 1914 rokiem). Trudno dostrzec pomnik Syreny Warszawskiej w\u015br\u00f3d licznych stragan\u00f3w. <br>\u0179r\u00f3d\u0142o: Biblioteka Narodowa<br><\/figcaption><\/figure><\/div>\n\n\n\n<div class=\"wp-block-image\"><figure class=\"aligncenter is-resized\"><a href=\"https:\/\/bedeker.waw.pl\/wp-content\/uploads\/2019\/07\/Rynek_Starego_Miasta_w_Warszawie_przed_1914.jpg\"><img decoding=\"async\" loading=\"lazy\" src=\"https:\/\/bedeker.waw.pl\/wp-content\/uploads\/2019\/07\/Rynek_Starego_Miasta_w_Warszawie_przed_1914-1024x651.jpg\" alt=\"\" class=\"wp-image-830\" width=\"575\" height=\"365\" srcset=\"https:\/\/bedeker.waw.pl\/wp-content\/uploads\/2019\/07\/Rynek_Starego_Miasta_w_Warszawie_przed_1914-1024x651.jpg 1024w, https:\/\/bedeker.waw.pl\/wp-content\/uploads\/2019\/07\/Rynek_Starego_Miasta_w_Warszawie_przed_1914-300x191.jpg 300w, https:\/\/bedeker.waw.pl\/wp-content\/uploads\/2019\/07\/Rynek_Starego_Miasta_w_Warszawie_przed_1914-768x488.jpg 768w, https:\/\/bedeker.waw.pl\/wp-content\/uploads\/2019\/07\/Rynek_Starego_Miasta_w_Warszawie_przed_1914-370x235.jpg 370w, https:\/\/bedeker.waw.pl\/wp-content\/uploads\/2019\/07\/Rynek_Starego_Miasta_w_Warszawie_przed_1914-1040x661.jpg 1040w\" sizes=\"(max-width: 575px) 100vw, 575px\" \/><\/a><figcaption>Poczt\u00f3wka przedstawia Rynek Starego Miasta w Warszawie (przed 1914 rokiem). Widoczny jest targ i pomnik Syrenki Warszawskie na z\u0142omach skalnych. <br>\u0179r\u00f3d\u0142o: Wikipedia<br><\/figcaption><\/figure><\/div>\n\n\n\n<p class=\"has-medium-font-size\">Jeszcze przed 1914 rokiem targowisko zosta\u0142o przeniesione na Mariensztat. <\/p>\n\n\n\n<div class=\"wp-block-image\"><figure class=\"aligncenter is-resized\"><a href=\"https:\/\/bedeker.waw.pl\/wp-content\/uploads\/2019\/07\/WarszawskaSyrenkaStareMiasto.jpg\"><img decoding=\"async\" loading=\"lazy\" src=\"https:\/\/bedeker.waw.pl\/wp-content\/uploads\/2019\/07\/WarszawskaSyrenkaStareMiasto-1024x638.jpg\" alt=\"\" class=\"wp-image-835\" width=\"566\" height=\"352\" srcset=\"https:\/\/bedeker.waw.pl\/wp-content\/uploads\/2019\/07\/WarszawskaSyrenkaStareMiasto-1024x638.jpg 1024w, https:\/\/bedeker.waw.pl\/wp-content\/uploads\/2019\/07\/WarszawskaSyrenkaStareMiasto-300x187.jpg 300w, https:\/\/bedeker.waw.pl\/wp-content\/uploads\/2019\/07\/WarszawskaSyrenkaStareMiasto-768x479.jpg 768w, https:\/\/bedeker.waw.pl\/wp-content\/uploads\/2019\/07\/WarszawskaSyrenkaStareMiasto-370x231.jpg 370w, https:\/\/bedeker.waw.pl\/wp-content\/uploads\/2019\/07\/WarszawskaSyrenkaStareMiasto-1040x648.jpg 1040w\" sizes=\"(max-width: 566px) 100vw, 566px\" \/><\/a><figcaption>Usuni\u0119te targowisko z Rynku Starego Miasta w Warszawie. <br>Zdj\u0119cie z poczt\u00f3wki wykonano oko\u0142o 1914 roku.<br>\u0179r\u00f3d\u0142o: Biblioteka Narodowa<\/figcaption><\/figure><\/div>\n\n\n\n<p class=\"has-medium-font-size\">Pomnik zosta\u0142 przebudowany, a rze\u017aba otrzyma\u0142a zupe\u0142nie nowy cok\u00f3\u0142 z piaskowca.  Wok\u00f3\u0142 niej zbudowano o\u015bmiok\u0105tny betonowy basen, kt\u00f3ry otoczono \u0142a\u0144cuchem. <\/p>\n\n\n\n<div class=\"wp-block-image\"><figure class=\"aligncenter is-resized\"><a href=\"https:\/\/bedeker.waw.pl\/wp-content\/uploads\/2019\/07\/di24075.jpg\"><img decoding=\"async\" loading=\"lazy\" src=\"https:\/\/bedeker.waw.pl\/wp-content\/uploads\/2019\/07\/di24075.jpg\" alt=\"\" class=\"wp-image-838\" width=\"567\" height=\"378\" srcset=\"https:\/\/bedeker.waw.pl\/wp-content\/uploads\/2019\/07\/di24075.jpg 800w, https:\/\/bedeker.waw.pl\/wp-content\/uploads\/2019\/07\/di24075-300x201.jpg 300w, https:\/\/bedeker.waw.pl\/wp-content\/uploads\/2019\/07\/di24075-768x514.jpg 768w, https:\/\/bedeker.waw.pl\/wp-content\/uploads\/2019\/07\/di24075-370x247.jpg 370w\" sizes=\"(max-width: 567px) 100vw, 567px\" \/><\/a><figcaption>Fotografia nieznanego autora wykonana oko\u0142o 1914 roku. Widoczny jest pomnik Syreny Warszawskiej na Rynku Starego Miasta po przebudowie.<br>\u0179r\u00f3d\u0142o: Muzeum Narodowe w Warszawie<br><\/figcaption><\/figure><\/div>\n\n\n\n<div class=\"wp-block-image\"><figure class=\"aligncenter is-resized\"><a href=\"https:\/\/bedeker.waw.pl\/wp-content\/uploads\/2019\/07\/12984280_FB.jpg\"><img decoding=\"async\" loading=\"lazy\" src=\"https:\/\/bedeker.waw.pl\/wp-content\/uploads\/2019\/07\/12984280_FB-1024x651.jpg\" alt=\"\" class=\"wp-image-844\" width=\"569\" height=\"361\" srcset=\"https:\/\/bedeker.waw.pl\/wp-content\/uploads\/2019\/07\/12984280_FB-1024x651.jpg 1024w, https:\/\/bedeker.waw.pl\/wp-content\/uploads\/2019\/07\/12984280_FB-300x191.jpg 300w, https:\/\/bedeker.waw.pl\/wp-content\/uploads\/2019\/07\/12984280_FB-768x488.jpg 768w, https:\/\/bedeker.waw.pl\/wp-content\/uploads\/2019\/07\/12984280_FB-370x235.jpg 370w, https:\/\/bedeker.waw.pl\/wp-content\/uploads\/2019\/07\/12984280_FB-1040x661.jpg 1040w\" sizes=\"(max-width: 569px) 100vw, 569px\" \/><\/a><figcaption>Poczt\u00f3wka. Rynek Starego Miasta. Wojuty\u0144ski Konstanty (1919 rok)<br>\u0179r\u00f3d\u0142o: Biblioteka Narodowa<\/figcaption><\/figure><\/div>\n\n\n\n<div class=\"wp-block-image\"><figure class=\"aligncenter is-resized\"><a href=\"https:\/\/bedeker.waw.pl\/wp-content\/uploads\/2019\/07\/RynekStaregoMiastaSyrena.jpg\"><img decoding=\"async\" loading=\"lazy\" src=\"https:\/\/bedeker.waw.pl\/wp-content\/uploads\/2019\/07\/RynekStaregoMiastaSyrena-1024x650.jpg\" alt=\"\" class=\"wp-image-872\" width=\"563\" height=\"357\" srcset=\"https:\/\/bedeker.waw.pl\/wp-content\/uploads\/2019\/07\/RynekStaregoMiastaSyrena-1024x650.jpg 1024w, https:\/\/bedeker.waw.pl\/wp-content\/uploads\/2019\/07\/RynekStaregoMiastaSyrena-300x190.jpg 300w, https:\/\/bedeker.waw.pl\/wp-content\/uploads\/2019\/07\/RynekStaregoMiastaSyrena-768x488.jpg 768w, https:\/\/bedeker.waw.pl\/wp-content\/uploads\/2019\/07\/RynekStaregoMiastaSyrena-370x235.jpg 370w, https:\/\/bedeker.waw.pl\/wp-content\/uploads\/2019\/07\/RynekStaregoMiastaSyrena-1040x660.jpg 1040w\" sizes=\"(max-width: 563px) 100vw, 563px\" \/><\/a><figcaption>Warszawa. Rynek Starego Miasta. Varsovie. La Place de Stare Miasto.<br>Poczt\u00f3wka przed 1928 rokiem.<br>\u0179r\u00f3d\u0142o: Biblioteka Narodowa<\/figcaption><\/figure><\/div>\n\n\n\n<p class=\"has-medium-font-size\">Warszawa jest miastem, gdzie na przestrzeni wielu lat swoje miejsce zmienia\u0142y budynki, ko\u015bcio\u0142y, fontanny oraz pomniki.  Ilo\u015b\u0107 przesuwanych, obracanych  i przenoszonych obiekt\u00f3w czyni nasze miasto wyj\u0105tkowym nie tylko w skali europejskiej, ale tak\u017ce \u015bwiatowej.  Tak te\u017c si\u0119 sta\u0142o z pomnikiem Syreny Warszawskiej Konstantego Hegla. Swoj\u0105 pierwsz\u0105 podr\u00f3\u017c pomnik odby\u0142 w 1928 roku.  W zwi\u0105zku z akcj\u0105 upi\u0119kszania Starego Miasta monument zosta\u0142 przeniesiony do magazynu Wydzia\u0142u Technicznego Zarz\u0105du Miejskiego, kt\u00f3ry znajdowa\u0142 si\u0119 pod mostem Ksi\u0119cia J\u00f3zefa Poniatowskiego.  <\/p>\n\n\n\n<div class=\"wp-block-image\"><figure class=\"aligncenter is-resized\"><a href=\"https:\/\/bedeker.waw.pl\/wp-content\/uploads\/2019\/07\/RynekStaregoMiasta_1929.jpg\"><img decoding=\"async\" loading=\"lazy\" src=\"https:\/\/bedeker.waw.pl\/wp-content\/uploads\/2019\/07\/RynekStaregoMiasta_1929-1024x645.jpg\" alt=\"\" class=\"wp-image-855\" width=\"571\" height=\"359\" srcset=\"https:\/\/bedeker.waw.pl\/wp-content\/uploads\/2019\/07\/RynekStaregoMiasta_1929-1024x645.jpg 1024w, https:\/\/bedeker.waw.pl\/wp-content\/uploads\/2019\/07\/RynekStaregoMiasta_1929-300x189.jpg 300w, https:\/\/bedeker.waw.pl\/wp-content\/uploads\/2019\/07\/RynekStaregoMiasta_1929-768x484.jpg 768w, https:\/\/bedeker.waw.pl\/wp-content\/uploads\/2019\/07\/RynekStaregoMiasta_1929-370x233.jpg 370w, https:\/\/bedeker.waw.pl\/wp-content\/uploads\/2019\/07\/RynekStaregoMiasta_1929-1040x655.jpg 1040w\" sizes=\"(max-width: 571px) 100vw, 571px\" \/><\/a><figcaption>Rynek Starego Miasta w Warszawie w 1929 roku. Widoczny \u015blad po usuni\u0119tym pomniku Syreny Warszawskiej. Autorem zdj\u0119cia jest Podd\u0119bski Henryk. Zdj\u0119cie pochodzi ze zbior\u00f3w Mieczys\u0142awa Or\u0142owicza.<br>\u0179r\u00f3d\u0142o: Biblioteka Narodowa<\/figcaption><\/figure><\/div>\n\n\n\n<p class=\"has-medium-font-size\">W pobli\u017cu magazynu znajdowa\u0142 si\u0119 Klub Sportowy Pracownik\u00f3w Miejskich \u201eSyrena\u201d.  <\/p>\n\n\n\n<div class=\"wp-block-image\"><figure class=\"aligncenter is-resized\"><a href=\"https:\/\/bedeker.waw.pl\/wp-content\/uploads\/2019\/07\/KlubSportowySyrenaNAC.jpg\"><img decoding=\"async\" loading=\"lazy\" src=\"https:\/\/bedeker.waw.pl\/wp-content\/uploads\/2019\/07\/KlubSportowySyrenaNAC-1024x724.jpg\" alt=\"\" class=\"wp-image-847\" width=\"564\" height=\"399\" srcset=\"https:\/\/bedeker.waw.pl\/wp-content\/uploads\/2019\/07\/KlubSportowySyrenaNAC-1024x724.jpg 1024w, https:\/\/bedeker.waw.pl\/wp-content\/uploads\/2019\/07\/KlubSportowySyrenaNAC-300x212.jpg 300w, https:\/\/bedeker.waw.pl\/wp-content\/uploads\/2019\/07\/KlubSportowySyrenaNAC-768x543.jpg 768w, https:\/\/bedeker.waw.pl\/wp-content\/uploads\/2019\/07\/KlubSportowySyrenaNAC-370x261.jpg 370w, https:\/\/bedeker.waw.pl\/wp-content\/uploads\/2019\/07\/KlubSportowySyrenaNAC-1040x735.jpg 1040w\" sizes=\"(max-width: 564px) 100vw, 564px\" \/><\/a><figcaption>Klub Sportowy Pracownik\u00f3w Miejskich &#8222;Syrena&#8221; w 1933 roku. Rozpocz\u0119cie w Warszawie sp\u0142ywu kajakowego &#8222;Przez Polsk\u0119 do morza&#8221;. Z prawej strony widoczny jest zarys pomnika Syrenki Warszawskiej Konstantego Hegla.<br>\u0179r\u00f3d\u0142o: Narodowe Archiwum Cyfrowe<\/figcaption><\/figure><\/div>\n\n\n\n<p class=\"has-medium-font-size\">W 1929 roku pomnik Syrenki Warszawskiej Konstantego Hegla ustawiono na terenie tego klubu. Rze\u017ab\u0119 umieszono na cokole z piaskowca, kt\u00f3ry pochodzi\u0142 z rozebranego soboru \u015bw. Aleksandra Newskiego, a tak naprawd\u0119 budowli jaka po nim pozosta\u0142a.&nbsp;&nbsp;Po zaj\u0119ciu Warszawy Prusacy stworzyli w nim ko\u015bci\u00f3\u0142 garnizonowy dla wojska pod wezwaniem Henryka II. A po odzyskaniu przez Polsk\u0119 niepodleg\u0142o\u015bci nigdy nie pe\u0142ni\u0142  ju\u017c swojej dawnej funkcji.<\/p>\n\n\n\n<div class=\"wp-block-image\"><figure class=\"aligncenter is-resized\"><a href=\"https:\/\/bedeker.waw.pl\/wp-content\/uploads\/2019\/07\/RozbiorkaDawnegoSoboru.jpg\"><img decoding=\"async\" loading=\"lazy\" src=\"https:\/\/bedeker.waw.pl\/wp-content\/uploads\/2019\/07\/RozbiorkaDawnegoSoboru-1024x761.jpg\" alt=\"\" class=\"wp-image-859\" width=\"558\" height=\"415\" srcset=\"https:\/\/bedeker.waw.pl\/wp-content\/uploads\/2019\/07\/RozbiorkaDawnegoSoboru-1024x761.jpg 1024w, https:\/\/bedeker.waw.pl\/wp-content\/uploads\/2019\/07\/RozbiorkaDawnegoSoboru-300x223.jpg 300w, https:\/\/bedeker.waw.pl\/wp-content\/uploads\/2019\/07\/RozbiorkaDawnegoSoboru-768x571.jpg 768w, https:\/\/bedeker.waw.pl\/wp-content\/uploads\/2019\/07\/RozbiorkaDawnegoSoboru-370x275.jpg 370w, https:\/\/bedeker.waw.pl\/wp-content\/uploads\/2019\/07\/RozbiorkaDawnegoSoboru-1040x773.jpg 1040w, https:\/\/bedeker.waw.pl\/wp-content\/uploads\/2019\/07\/RozbiorkaDawnegoSoboru.jpg 2018w\" sizes=\"(max-width: 558px) 100vw, 558px\" \/><\/a><figcaption>Rozbi\u00f3rka dawnego soboru \u015bw. Aleksandra Newskiego na Placu Saskim w 1925 roku.<br>\u0179r\u00f3d\u0142o: Narodowe Archiwum Cyfrowe<br>Zesp\u00f3\u0142: Koncern Ilustrowany Kurier Codzienny &#8211; Archiwum Ilustracji <br>Sygnatura: 1-U-7044-1<\/figcaption><\/figure><\/div>\n\n\n\n<p class=\"has-medium-font-size\">Nie nale\u017cy myli\u0107 pomnika Syreny Warszawskiej Konstantego Hegla z pomnikiem autorstwa Ludwiki Nitschowej, kt\u00f3ry zosta\u0142 ods\u0142oni\u0119ty w 1939 roku i w przeciwie\u0144stwie do omawianego lokalizacja jego do dzisiaj nie uleg\u0142a zmianie. Przez okres okupacji hitlerowskiej obydwa pomniki znajdowa\u0142y si\u0119 nad warszawsk\u0105 Wis\u0142\u0105. Trzeba pami\u0119ta\u0107, \u017ce w 1944 roku wzd\u0142u\u017c Wis\u0142y przebiega\u0142a linia frontu, kt\u00f3ra paradoksalnie uchroni\u0142a obydwa monumenty od ca\u0142kowitego zniszczenia.  W czasie walk podczas II wojny \u015bwiatowej od pomnika Syrenki Warszawskiej Konstantego Hegla zosta\u0142y oderwane tarcza, lewa r\u0119ka i miecz. <\/p>\n\n\n\n<div class=\"wp-block-image\"><figure class=\"aligncenter is-resized\"><a href=\"https:\/\/bedeker.waw.pl\/wp-content\/uploads\/2019\/07\/MPWIN2812.jpg\"><img decoding=\"async\" loading=\"lazy\" src=\"https:\/\/bedeker.waw.pl\/wp-content\/uploads\/2019\/07\/MPWIN2812-1024x678.jpg\" alt=\"\" class=\"wp-image-849\" width=\"571\" height=\"378\" srcset=\"https:\/\/bedeker.waw.pl\/wp-content\/uploads\/2019\/07\/MPWIN2812-1024x678.jpg 1024w, https:\/\/bedeker.waw.pl\/wp-content\/uploads\/2019\/07\/MPWIN2812-300x199.jpg 300w, https:\/\/bedeker.waw.pl\/wp-content\/uploads\/2019\/07\/MPWIN2812-768x508.jpg 768w, https:\/\/bedeker.waw.pl\/wp-content\/uploads\/2019\/07\/MPWIN2812-370x245.jpg 370w, https:\/\/bedeker.waw.pl\/wp-content\/uploads\/2019\/07\/MPWIN2812-1040x688.jpg 1040w\" sizes=\"(max-width: 571px) 100vw, 571px\" \/><\/a><figcaption>Powojenna dokumentacja zniszcze\u0144. Pomnik Syreny i zniszczony budynek klubu wio\u015blarskiego &#8222;Syrena&#8221; nad Wis\u0142\u0105 przy ul. Solec 8, uj\u0119cie w stron\u0119 Pragi. Zdj\u0119cie wykonano w styczniu 1945 roku<br>Autor zdj\u0119cia: Eugeniusz Haneman<br>\u0179r\u00f3d\u0142o: Muzeum Powstania Warszawskiego<br>Nr inwentarzowy: MPW-IN\/2812<br><strong>Zamieszono za zgod\u0105 Muzeum Powstania Warszawskiego<br>W celu dalszego wykorzystania nale\u017cy kontaktowa\u0107 si\u0119 z Muzeum Powstania Warszawskiego<\/strong><\/figcaption><\/figure><\/div>\n\n\n\n<p class=\"has-medium-font-size\">Po zako\u0144czeniu wojny pos\u0105g poddano renowacji w pracowni Braci \u0141opie\u0144skich,  gdzie obok uzupe\u0142nienia oderwanych element\u00f3w, za\u0142atano liczne dziury po pociskach. Cynkow\u0105 powierzchni\u0119 pokryto warstw\u0105 fosforobr\u0105zu, kt\u00f3ry jest odporny na \u015bcieranie i zgniatanie. W 1951 roku pomnik Syrenki Warszawskiej ustawiono w Centralnym Parku Kultury i Wypoczynku (obecnie Park im. Marsza\u0142ka Edwarda Rydza-\u015amig\u0142ego).  <\/p>\n\n\n\n<div class=\"wp-block-image\"><figure class=\"aligncenter is-resized\"><a href=\"https:\/\/bedeker.waw.pl\/wp-content\/uploads\/2019\/08\/Postument_01.jpg\"><img decoding=\"async\" loading=\"lazy\" src=\"https:\/\/bedeker.waw.pl\/wp-content\/uploads\/2019\/08\/Postument_01-1024x681.jpg\" alt=\"\" class=\"wp-image-915\" width=\"574\" height=\"381\" srcset=\"https:\/\/bedeker.waw.pl\/wp-content\/uploads\/2019\/08\/Postument_01-1024x681.jpg 1024w, https:\/\/bedeker.waw.pl\/wp-content\/uploads\/2019\/08\/Postument_01-300x199.jpg 300w, https:\/\/bedeker.waw.pl\/wp-content\/uploads\/2019\/08\/Postument_01-768x510.jpg 768w, https:\/\/bedeker.waw.pl\/wp-content\/uploads\/2019\/08\/Postument_01-370x246.jpg 370w, https:\/\/bedeker.waw.pl\/wp-content\/uploads\/2019\/08\/Postument_01-1040x691.jpg 1040w, https:\/\/bedeker.waw.pl\/wp-content\/uploads\/2019\/08\/Postument_01.jpg 1500w\" sizes=\"(max-width: 574px) 100vw, 574px\" \/><\/a><figcaption>Postument po pomniku Syrenki Warszawskiej w Parku im. Marsza\u0142ka Edwarda Rydza-\u015amig\u0142ego w Warszawie<br>fot. Rafa\u0142 Adrian Kraszewski 2019<\/figcaption><\/figure><\/div>\n\n\n\n<div class=\"wp-block-image\"><figure class=\"aligncenter is-resized\"><a href=\"https:\/\/bedeker.waw.pl\/wp-content\/uploads\/2019\/08\/Postument_02.jpg\"><img decoding=\"async\" loading=\"lazy\" src=\"https:\/\/bedeker.waw.pl\/wp-content\/uploads\/2019\/08\/Postument_02-1024x681.jpg\" alt=\"\" class=\"wp-image-916\" width=\"574\" height=\"381\" srcset=\"https:\/\/bedeker.waw.pl\/wp-content\/uploads\/2019\/08\/Postument_02-1024x681.jpg 1024w, https:\/\/bedeker.waw.pl\/wp-content\/uploads\/2019\/08\/Postument_02-300x199.jpg 300w, https:\/\/bedeker.waw.pl\/wp-content\/uploads\/2019\/08\/Postument_02-768x510.jpg 768w, https:\/\/bedeker.waw.pl\/wp-content\/uploads\/2019\/08\/Postument_02-370x246.jpg 370w, https:\/\/bedeker.waw.pl\/wp-content\/uploads\/2019\/08\/Postument_02-1040x691.jpg 1040w, https:\/\/bedeker.waw.pl\/wp-content\/uploads\/2019\/08\/Postument_02.jpg 1500w\" sizes=\"(max-width: 574px) 100vw, 574px\" \/><\/a><figcaption> Postument po pomniku Syrenki Warszawskiej w Parku im. Marsza\u0142ka Edwarda Rydza-\u015amig\u0142ego w Warszawie<br>fot. Rafa\u0142 Adrian Kraszewski 2019<\/figcaption><\/figure><\/div>\n\n\n\n<p class=\"has-medium-font-size\">Pod koniec lat sze\u015b\u0107dziesi\u0105tych ubieg\u0142ego stulecia w wyniku aktu wandalizmu Syrence oderwano miecz i uszkodzono jej faktur\u0119.  By\u0142o to impulsem do przeniesienia pomnika z powrotem na Stare Miasto. Kolejn\u0105 lokalizacj\u0105 pomnika sta\u0142o si\u0119 miejsce dawnej Wie\u017cy Marsza\u0142kowskiej, kt\u00f3ra przed rozebraniem na pocz\u0105tku XIX wieku znajdowa\u0142a si\u0119 w p\u00f3\u0142nocno-wschodnim naro\u017cniku mur\u00f3w obronnych Starej Warszawy. <\/p>\n\n\n\n<div class=\"wp-block-image\"><figure class=\"aligncenter is-resized\"><a href=\"https:\/\/bedeker.waw.pl\/wp-content\/uploads\/2019\/07\/Zygmunt_Vogel_Wieza_Marszalkowska.jpg\"><img decoding=\"async\" loading=\"lazy\" src=\"https:\/\/bedeker.waw.pl\/wp-content\/uploads\/2019\/07\/Zygmunt_Vogel_Wieza_Marszalkowska-1024x656.jpg\" alt=\"\" class=\"wp-image-910\" width=\"582\" height=\"372\" srcset=\"https:\/\/bedeker.waw.pl\/wp-content\/uploads\/2019\/07\/Zygmunt_Vogel_Wieza_Marszalkowska-1024x656.jpg 1024w, https:\/\/bedeker.waw.pl\/wp-content\/uploads\/2019\/07\/Zygmunt_Vogel_Wieza_Marszalkowska-300x192.jpg 300w, https:\/\/bedeker.waw.pl\/wp-content\/uploads\/2019\/07\/Zygmunt_Vogel_Wieza_Marszalkowska-768x492.jpg 768w, https:\/\/bedeker.waw.pl\/wp-content\/uploads\/2019\/07\/Zygmunt_Vogel_Wieza_Marszalkowska-370x237.jpg 370w, https:\/\/bedeker.waw.pl\/wp-content\/uploads\/2019\/07\/Zygmunt_Vogel_Wieza_Marszalkowska-1040x667.jpg 1040w\" sizes=\"(max-width: 582px) 100vw, 582px\" \/><\/a><figcaption>Zygmunt Vogel,  akwarela  <em>1785<\/em> rok<br><em>Widok Wie\u017cy Marsza\u0142kowskiej i szpitala \u015aw. \u0141azarza<\/em> <br>W zbiorach Muzeum Narodowego w Warszawie,<br>sygnatura  Rys.Pol.11240 <br> <em>\u00a9  Copyright by Ligier Piotr\/Muzeum Narodowe w Warszawie<\/em> <br><strong>Zamieszczono za zgod\u0105 Muzeum Narodowego w Warszawie<\/strong><br> <strong>W celu dalszego wykorzystania nale\u017cy kontaktowa\u0107 si\u0119 z Muzeum Narodowym w Warszawie<\/strong><\/figcaption><\/figure><\/div>\n\n\n\n<div class=\"wp-block-image\"><figure class=\"aligncenter is-resized\"><a href=\"https:\/\/bedeker.waw.pl\/wp-content\/uploads\/2019\/07\/PomnikSyrenyWiezaMarszalkowska.jpg\"><img decoding=\"async\" loading=\"lazy\" src=\"https:\/\/bedeker.waw.pl\/wp-content\/uploads\/2019\/07\/PomnikSyrenyWiezaMarszalkowska-1019x1024.jpg\" alt=\"\" class=\"wp-image-876\" width=\"577\" height=\"579\" srcset=\"https:\/\/bedeker.waw.pl\/wp-content\/uploads\/2019\/07\/PomnikSyrenyWiezaMarszalkowska-1019x1024.jpg 1019w, https:\/\/bedeker.waw.pl\/wp-content\/uploads\/2019\/07\/PomnikSyrenyWiezaMarszalkowska-150x150.jpg 150w, https:\/\/bedeker.waw.pl\/wp-content\/uploads\/2019\/07\/PomnikSyrenyWiezaMarszalkowska-298x300.jpg 298w, https:\/\/bedeker.waw.pl\/wp-content\/uploads\/2019\/07\/PomnikSyrenyWiezaMarszalkowska-768x772.jpg 768w, https:\/\/bedeker.waw.pl\/wp-content\/uploads\/2019\/07\/PomnikSyrenyWiezaMarszalkowska-370x372.jpg 370w, https:\/\/bedeker.waw.pl\/wp-content\/uploads\/2019\/07\/PomnikSyrenyWiezaMarszalkowska-1040x1045.jpg 1040w\" sizes=\"(max-width: 577px) 100vw, 577px\" \/><\/a><figcaption>Pomnik Syreny Warszawskiej na Wie\u017cy Marsza\u0142kowskiej w pa\u017adzierniku 1972 roku. Autorem zdj\u0119cia jest Gra\u017cyna Rutowska. <br>\u0179r\u00f3d\u0142o: Narodowe Archiwum Cyfrowe <br>Zesp\u00f3\u0142:  Archiwum Gra\u017cyny Rutowskiej, sygnatura: 40-W-193-8<\/figcaption><\/figure><\/div>\n\n\n\n<p class=\"has-medium-font-size\">Ods\u0142oni\u0119cia naprawionego monumentu dokonano w 1972 roku. Rze\u017ab\u0119 Syrenki ustawiono na kamiennej przyporze Baszty Marsza\u0142kowskiej. Niestety kolejne miejsce nie by\u0142o zbyt szcz\u0119\u015bliwe, w zwi\u0105zku z kolejnymi aktami wandalizmu tego XIX wiecznego zabytku.  Znowu rze\u017aba straci\u0142a sw\u00f3j miecz.  <\/p>\n\n\n\n<div class=\"wp-block-image\"><figure class=\"aligncenter is-resized\"><a href=\"https:\/\/bedeker.waw.pl\/wp-content\/uploads\/2019\/07\/Syrenka_Wieza.jpg\"><img decoding=\"async\" loading=\"lazy\" src=\"https:\/\/bedeker.waw.pl\/wp-content\/uploads\/2019\/07\/Syrenka_Wieza-1017x1024.jpg\" alt=\"\" class=\"wp-image-853\" width=\"556\" height=\"559\" srcset=\"https:\/\/bedeker.waw.pl\/wp-content\/uploads\/2019\/07\/Syrenka_Wieza-1017x1024.jpg 1017w, https:\/\/bedeker.waw.pl\/wp-content\/uploads\/2019\/07\/Syrenka_Wieza-150x150.jpg 150w, https:\/\/bedeker.waw.pl\/wp-content\/uploads\/2019\/07\/Syrenka_Wieza-298x300.jpg 298w, https:\/\/bedeker.waw.pl\/wp-content\/uploads\/2019\/07\/Syrenka_Wieza-768x773.jpg 768w, https:\/\/bedeker.waw.pl\/wp-content\/uploads\/2019\/07\/Syrenka_Wieza-370x372.jpg 370w, https:\/\/bedeker.waw.pl\/wp-content\/uploads\/2019\/07\/Syrenka_Wieza-1040x1047.jpg 1040w\" sizes=\"(max-width: 556px) 100vw, 556px\" \/><\/a><figcaption>Pomnik Syreny Warszawskiej na Wie\u017cy Marsza\u0142kowskiej w lutym 1975 roku. Autorem zdj\u0119cia jest Gra\u017cyna Rutowska.<br>\u0179r\u00f3d\u0142o: Narodowe Archiwum Cyfrowe<br>Zesp\u00f3\u0142: Archiwum Gra\u017cyny Rutowskiej, sygnatura: 40-W-200-11<\/figcaption><\/figure><\/div>\n\n\n\n<p class=\"has-medium-font-size\">W latach 80 XX wieku w Instytucie Mechaniki Precyzyjnej pokryto rze\u017ab\u0119 warstw\u0105 br\u0105zu. W wyniku powtarzaj\u0105cych si\u0119 dewastacji postanowiono pomnik przenie\u015b\u0107 w jego pierwotne miejsce tj. na Rynek Starego Miasta. 12 grudnia 1999 roku odby\u0142a si\u0119 oficjalna uroczysto\u015b\u0107 ods\u0142oni\u0119cia pomnika wed\u0142ug projektu Marii i Jana Mazur\u00f3w oraz Anny i Krystiana Jarnuszkiewicz\u00f3w.  Zabytkowa Rze\u017aba Syrenki Warszawskiej autorstwa Konstantego Hegla zosta\u0142a ustawiona na granitowym cokole w okr\u0105g\u0142ym basenie.  <\/p>\n\n\n\n<div class=\"wp-block-image\"><figure class=\"aligncenter size-large is-resized\"><a href=\"https:\/\/bedeker.waw.pl\/wp-content\/uploads\/2020\/08\/Syrenka_Warszawska_2000.jpg\"><img decoding=\"async\" loading=\"lazy\" src=\"https:\/\/bedeker.waw.pl\/wp-content\/uploads\/2020\/08\/Syrenka_Warszawska_2000-1024x671.jpg\" alt=\"\" class=\"wp-image-2538\" width=\"580\" height=\"380\" srcset=\"https:\/\/bedeker.waw.pl\/wp-content\/uploads\/2020\/08\/Syrenka_Warszawska_2000-1024x671.jpg 1024w, https:\/\/bedeker.waw.pl\/wp-content\/uploads\/2020\/08\/Syrenka_Warszawska_2000-300x197.jpg 300w, https:\/\/bedeker.waw.pl\/wp-content\/uploads\/2020\/08\/Syrenka_Warszawska_2000-768x503.jpg 768w, https:\/\/bedeker.waw.pl\/wp-content\/uploads\/2020\/08\/Syrenka_Warszawska_2000.jpg 1500w\" sizes=\"(max-width: 580px) 100vw, 580px\" \/><\/a><figcaption> Pomnik Syreny Warszawskiej z oryginaln\u0105 rze\u017ab\u0105 na Rynku Starego Miasta<br>fot. Rafa\u0142 Adrian Kraszewski 2000<\/figcaption><\/figure><\/div>\n\n\n\n<p class=\"has-medium-font-size\">Nie jest to jednak ostatnia lokalizacja tego wspania\u0142ego dzie\u0142a. <\/p>\n\n\n\n<div class=\"wp-block-image\"><figure class=\"aligncenter is-resized\"><a href=\"https:\/\/bedeker.waw.pl\/wp-content\/uploads\/2019\/07\/DSC_3332_00001.jpg\"><img decoding=\"async\" loading=\"lazy\" src=\"https:\/\/bedeker.waw.pl\/wp-content\/uploads\/2019\/07\/DSC_3332_00001-1024x681.jpg\" alt=\"\" class=\"wp-image-863\" width=\"571\" height=\"379\" srcset=\"https:\/\/bedeker.waw.pl\/wp-content\/uploads\/2019\/07\/DSC_3332_00001-1024x681.jpg 1024w, https:\/\/bedeker.waw.pl\/wp-content\/uploads\/2019\/07\/DSC_3332_00001-300x199.jpg 300w, https:\/\/bedeker.waw.pl\/wp-content\/uploads\/2019\/07\/DSC_3332_00001-768x510.jpg 768w, https:\/\/bedeker.waw.pl\/wp-content\/uploads\/2019\/07\/DSC_3332_00001-370x246.jpg 370w, https:\/\/bedeker.waw.pl\/wp-content\/uploads\/2019\/07\/DSC_3332_00001-1040x691.jpg 1040w, https:\/\/bedeker.waw.pl\/wp-content\/uploads\/2019\/07\/DSC_3332_00001.jpg 1500w\" sizes=\"(max-width: 571px) 100vw, 571px\" \/><\/a><figcaption>Oryginalna rze\u017aba Syreny Warszawskiej Konstantego Hegla w Muzeum Warszawy<br> fot. Rafa\u0142 Adrian Kraszewski 2019<\/figcaption><\/figure><\/div>\n\n\n\n<p class=\"has-medium-font-size\">W maju 2008 roku orygina\u0142 przeniesiono do Muzeum Historycznego m. st. Warszawy (obecnie Muzeum Warszawy), a na Rynku Starego Miasta ustawiono kopi\u0119.<\/p>\n\n\n\n<div class=\"wp-block-image\"><figure class=\"aligncenter is-resized\"><a href=\"https:\/\/bedeker.waw.pl\/wp-content\/uploads\/2019\/07\/DSC_3336_00004.jpg\"><img decoding=\"async\" loading=\"lazy\" src=\"https:\/\/bedeker.waw.pl\/wp-content\/uploads\/2019\/07\/DSC_3336_00004-681x1024.jpg\" alt=\"\" class=\"wp-image-861\" width=\"372\" height=\"559\" srcset=\"https:\/\/bedeker.waw.pl\/wp-content\/uploads\/2019\/07\/DSC_3336_00004-681x1024.jpg 681w, https:\/\/bedeker.waw.pl\/wp-content\/uploads\/2019\/07\/DSC_3336_00004-199x300.jpg 199w, https:\/\/bedeker.waw.pl\/wp-content\/uploads\/2019\/07\/DSC_3336_00004-768x1155.jpg 768w, https:\/\/bedeker.waw.pl\/wp-content\/uploads\/2019\/07\/DSC_3336_00004-370x557.jpg 370w, https:\/\/bedeker.waw.pl\/wp-content\/uploads\/2019\/07\/DSC_3336_00004.jpg 997w\" sizes=\"(max-width: 372px) 100vw, 372px\" \/><\/a><figcaption>&#8222;Oryginalna rze\u017aba Syreny Warszawskiej Konstantego Hegla w Muzeum Warszawy<br>fot. Rafa\u0142 Adrian Kraszewski 2019<br><\/figcaption><\/figure><\/div>\n\n\n\n<p class=\"has-medium-font-size\">Z perspektywy czasu by\u0142a to s\u0142uszna decyzja, gdy\u017c ju\u017c w 2009 roku kopia zosta\u0142a uszkodzona przez wandala, kt\u00f3ry doczepi\u0142 rze\u017abie w\u0105sy i wygi\u0105\u0142 miecz. <\/p>\n\n\n\n<div class=\"wp-block-image\"><figure class=\"aligncenter is-resized\"><a href=\"https:\/\/bedeker.waw.pl\/wp-content\/uploads\/2019\/07\/DSC_7570_00003.jpg\"><img decoding=\"async\" loading=\"lazy\" src=\"https:\/\/bedeker.waw.pl\/wp-content\/uploads\/2019\/07\/DSC_7570_00003-1024x681.jpg\" alt=\"\" class=\"wp-image-867\" width=\"563\" height=\"374\" srcset=\"https:\/\/bedeker.waw.pl\/wp-content\/uploads\/2019\/07\/DSC_7570_00003-1024x681.jpg 1024w, https:\/\/bedeker.waw.pl\/wp-content\/uploads\/2019\/07\/DSC_7570_00003-300x199.jpg 300w, https:\/\/bedeker.waw.pl\/wp-content\/uploads\/2019\/07\/DSC_7570_00003-768x510.jpg 768w, https:\/\/bedeker.waw.pl\/wp-content\/uploads\/2019\/07\/DSC_7570_00003-370x246.jpg 370w, https:\/\/bedeker.waw.pl\/wp-content\/uploads\/2019\/07\/DSC_7570_00003-1040x691.jpg 1040w, https:\/\/bedeker.waw.pl\/wp-content\/uploads\/2019\/07\/DSC_7570_00003.jpg 1500w\" sizes=\"(max-width: 563px) 100vw, 563px\" \/><\/a><figcaption>&#8222;Pomnik Syreny Warszawskiej na Rynku Starego Miasta w Warszawie&#8221;  <br>fot. Rafa\u0142 Adrian Kraszewski 2018<\/figcaption><\/figure><\/div>\n\n\n\n<div class=\"wp-block-image\"><figure class=\"aligncenter is-resized\"><a href=\"https:\/\/bedeker.waw.pl\/wp-content\/uploads\/2019\/07\/DSC_5053_00002.jpg\"><img decoding=\"async\" loading=\"lazy\" src=\"https:\/\/bedeker.waw.pl\/wp-content\/uploads\/2019\/07\/DSC_5053_00002-681x1024.jpg\" alt=\"\" class=\"wp-image-868\" width=\"381\" height=\"573\" srcset=\"https:\/\/bedeker.waw.pl\/wp-content\/uploads\/2019\/07\/DSC_5053_00002-681x1024.jpg 681w, https:\/\/bedeker.waw.pl\/wp-content\/uploads\/2019\/07\/DSC_5053_00002-199x300.jpg 199w, https:\/\/bedeker.waw.pl\/wp-content\/uploads\/2019\/07\/DSC_5053_00002-768x1155.jpg 768w, https:\/\/bedeker.waw.pl\/wp-content\/uploads\/2019\/07\/DSC_5053_00002-370x557.jpg 370w, https:\/\/bedeker.waw.pl\/wp-content\/uploads\/2019\/07\/DSC_5053_00002.jpg 997w\" sizes=\"(max-width: 381px) 100vw, 381px\" \/><\/a><figcaption>&#8222;Pomnik Syreny Warszawskiej na Rynku Starego Miasta w Warszawie&#8221;  fot. Rafa\u0142 Adrian Kraszewski 2018<\/figcaption><\/figure><\/div>\n\n\n\n<p class=\"has-text-align-right has-medium-font-size\">Rafa\u0142 Adrian Kraszewski<\/p>\n","protected":false},"excerpt":{"rendered":"<p>Autorem Pomnika Syrenki Warszawskiej z Rynku Starego Miasta jest znany rze\u017abiarz austriackiego pochodzenia , urodzony w Warszawie, profesor Szko\u0142y Sztuk Pi\u0119knych \u2013 Konstanty Hegel. Wszystko zacz\u0119\u0142o si\u0119 od projektu bardzo&hellip; <\/p>\n","protected":false},"author":2,"featured_media":872,"comment_status":"closed","ping_status":"open","sticky":false,"template":"","format":"standard","meta":[],"categories":[14,18,4],"tags":[],"_links":{"self":[{"href":"https:\/\/bedeker.waw.pl\/index.php\/wp-json\/wp\/v2\/posts\/805"}],"collection":[{"href":"https:\/\/bedeker.waw.pl\/index.php\/wp-json\/wp\/v2\/posts"}],"about":[{"href":"https:\/\/bedeker.waw.pl\/index.php\/wp-json\/wp\/v2\/types\/post"}],"author":[{"embeddable":true,"href":"https:\/\/bedeker.waw.pl\/index.php\/wp-json\/wp\/v2\/users\/2"}],"replies":[{"embeddable":true,"href":"https:\/\/bedeker.waw.pl\/index.php\/wp-json\/wp\/v2\/comments?post=805"}],"version-history":[{"count":0,"href":"https:\/\/bedeker.waw.pl\/index.php\/wp-json\/wp\/v2\/posts\/805\/revisions"}],"wp:featuredmedia":[{"embeddable":true,"href":"https:\/\/bedeker.waw.pl\/index.php\/wp-json\/wp\/v2\/media\/872"}],"wp:attachment":[{"href":"https:\/\/bedeker.waw.pl\/index.php\/wp-json\/wp\/v2\/media?parent=805"}],"wp:term":[{"taxonomy":"category","embeddable":true,"href":"https:\/\/bedeker.waw.pl\/index.php\/wp-json\/wp\/v2\/categories?post=805"},{"taxonomy":"post_tag","embeddable":true,"href":"https:\/\/bedeker.waw.pl\/index.php\/wp-json\/wp\/v2\/tags?post=805"}],"curies":[{"name":"wp","href":"https:\/\/api.w.org\/{rel}","templated":true}]}}