{"id":2634,"date":"2020-11-29T16:48:52","date_gmt":"2020-11-29T15:48:52","guid":{"rendered":"https:\/\/bedeker.waw.pl\/?p=2634"},"modified":"2020-11-29T16:48:53","modified_gmt":"2020-11-29T15:48:53","slug":"kopiec-powstania-warszawskiego","status":"publish","type":"post","link":"https:\/\/bedeker.waw.pl\/index.php\/2020\/11\/29\/kopiec-powstania-warszawskiego\/","title":{"rendered":"Kopiec Powstania Warszawskiego"},"content":{"rendered":"\n<div class=\"wp-block-image\"><figure class=\"aligncenter size-large is-resized\"><a href=\"https:\/\/bedeker.waw.pl\/wp-content\/uploads\/2020\/11\/Kopiec_Powstania_Warszawskiego_01.jpg\"><img decoding=\"async\" loading=\"lazy\" src=\"https:\/\/bedeker.waw.pl\/wp-content\/uploads\/2020\/11\/Kopiec_Powstania_Warszawskiego_01-681x1024.jpg\" alt=\"\" class=\"wp-image-2636\" width=\"433\" height=\"652\" srcset=\"https:\/\/bedeker.waw.pl\/wp-content\/uploads\/2020\/11\/Kopiec_Powstania_Warszawskiego_01-681x1024.jpg 681w, https:\/\/bedeker.waw.pl\/wp-content\/uploads\/2020\/11\/Kopiec_Powstania_Warszawskiego_01-199x300.jpg 199w, https:\/\/bedeker.waw.pl\/wp-content\/uploads\/2020\/11\/Kopiec_Powstania_Warszawskiego_01-768x1155.jpg 768w, https:\/\/bedeker.waw.pl\/wp-content\/uploads\/2020\/11\/Kopiec_Powstania_Warszawskiego_01.jpg 997w\" sizes=\"(max-width: 433px) 100vw, 433px\" \/><\/a><figcaption>Kopiec Powstania Warszawskiego<br> fot. Rafa\u0142 Adrian Kraszewski 2019<\/figcaption><\/figure><\/div>\n\n\n\n<hr class=\"wp-block-separator\" \/>\n\n\n\n<p class=\"has-medium-font-size\">Kopiec  Powstania Warszawskiego (dawniej G\u00f3rka Czerniakowska, Kopiec  Czerniakowski) znajduje si\u0119 na Mokotowie przy ulicy Bartyckiej. <\/p>\n\n\n\n<hr class=\"wp-block-separator\" \/>\n\n\n\n<div class=\"wp-block-image\"><figure class=\"aligncenter size-large is-resized\"><a href=\"https:\/\/bedeker.waw.pl\/wp-content\/uploads\/2020\/11\/Kopiec_Powstania_Warszawskiego_12.jpg\"><img decoding=\"async\" loading=\"lazy\" src=\"https:\/\/bedeker.waw.pl\/wp-content\/uploads\/2020\/11\/Kopiec_Powstania_Warszawskiego_12-1024x681.jpg\" alt=\"\" class=\"wp-image-2657\" width=\"580\" height=\"385\" srcset=\"https:\/\/bedeker.waw.pl\/wp-content\/uploads\/2020\/11\/Kopiec_Powstania_Warszawskiego_12-1024x681.jpg 1024w, https:\/\/bedeker.waw.pl\/wp-content\/uploads\/2020\/11\/Kopiec_Powstania_Warszawskiego_12-300x199.jpg 300w, https:\/\/bedeker.waw.pl\/wp-content\/uploads\/2020\/11\/Kopiec_Powstania_Warszawskiego_12-768x510.jpg 768w, https:\/\/bedeker.waw.pl\/wp-content\/uploads\/2020\/11\/Kopiec_Powstania_Warszawskiego_12.jpg 1500w\" sizes=\"(max-width: 580px) 100vw, 580px\" \/><\/a><figcaption> Widok z Kopca Powstania Warszawskiego<br> fot. Rafa\u0142 Adrian Kraszewski 2019<\/figcaption><\/figure><\/div>\n\n\n\n<hr class=\"wp-block-separator\" \/>\n\n\n\n<p class=\"has-medium-font-size\">Jest to  jeden z czterech kopc\u00f3w, kt\u00f3re po II wojnie \u015bwiatowej usypano z gruz\u00f3w Warszawy. Pozosta\u0142e trzy to G\u00f3rka Szcz\u0119\u015bliwicka, Kopiec Moczyd\u0142owski  oraz nieistniej\u0105cy  przy ulicy Krasi\u0144skiego.<\/p>\n\n\n\n<hr class=\"wp-block-separator\" \/>\n\n\n\n<div class=\"wp-block-image\"><figure class=\"aligncenter size-large is-resized\"><a href=\"https:\/\/bedeker.waw.pl\/wp-content\/uploads\/2020\/11\/KopiecMoczyd\u0142owski.jpg\"><img decoding=\"async\" loading=\"lazy\" src=\"https:\/\/bedeker.waw.pl\/wp-content\/uploads\/2020\/11\/KopiecMoczyd\u0142owski-1024x681.jpg\" alt=\"\" class=\"wp-image-2673\" width=\"580\" height=\"385\" srcset=\"https:\/\/bedeker.waw.pl\/wp-content\/uploads\/2020\/11\/KopiecMoczyd\u0142owski-1024x681.jpg 1024w, https:\/\/bedeker.waw.pl\/wp-content\/uploads\/2020\/11\/KopiecMoczyd\u0142owski-300x200.jpg 300w, https:\/\/bedeker.waw.pl\/wp-content\/uploads\/2020\/11\/KopiecMoczyd\u0142owski-768x511.jpg 768w, https:\/\/bedeker.waw.pl\/wp-content\/uploads\/2020\/11\/KopiecMoczyd\u0142owski.jpg 1500w\" sizes=\"(max-width: 580px) 100vw, 580px\" \/><\/a><figcaption>Kopiec Moczyd\u0142owski w parku Moczyd\u0142o w Warszawie<br>fot. Rafa\u0142 Adrian Kraszewski 2020<\/figcaption><\/figure><\/div>\n\n\n\n<hr class=\"wp-block-separator\" \/>\n\n\n\n<p class=\"has-medium-font-size\">Nie by\u0142y to jedyne miejsca,  gdzie zwo\u017cono gruz warszawskich budynk\u00f3w. Dla przyk\u0142adu wymieni\u0119 usypan\u0105 koron\u0119 Stadionu Dziesi\u0119ciolecia.<\/p>\n\n\n\n<hr class=\"wp-block-separator\" \/>\n\n\n\n<div class=\"wp-block-image\"><figure class=\"aligncenter size-large is-resized\"><a href=\"https:\/\/bedeker.waw.pl\/wp-content\/uploads\/2020\/11\/StadionDziesi\u0119cioleciaNAC-scaled.jpg\"><img decoding=\"async\" loading=\"lazy\" src=\"https:\/\/bedeker.waw.pl\/wp-content\/uploads\/2020\/11\/StadionDziesi\u0119cioleciaNAC-977x1024.jpg\" alt=\"\" class=\"wp-image-2669\" width=\"579\" height=\"606\" srcset=\"https:\/\/bedeker.waw.pl\/wp-content\/uploads\/2020\/11\/StadionDziesi\u0119cioleciaNAC-977x1024.jpg 977w, https:\/\/bedeker.waw.pl\/wp-content\/uploads\/2020\/11\/StadionDziesi\u0119cioleciaNAC-286x300.jpg 286w, https:\/\/bedeker.waw.pl\/wp-content\/uploads\/2020\/11\/StadionDziesi\u0119cioleciaNAC-768x805.jpg 768w, https:\/\/bedeker.waw.pl\/wp-content\/uploads\/2020\/11\/StadionDziesi\u0119cioleciaNAC-1466x1536.jpg 1466w, https:\/\/bedeker.waw.pl\/wp-content\/uploads\/2020\/11\/StadionDziesi\u0119cioleciaNAC-1955x2048.jpg 1955w\" sizes=\"(max-width: 579px) 100vw, 579px\" \/><\/a><figcaption> Widok z lotu ptaka od strony Wis\u0142y na Stadion Dziesi\u0119ciolecia. <br>(lata 70. XX wieku)<br>Narodowe Archiwum Cyfrowe<br>Sygnatura:  3\/53\/0\/8\/515 <br><\/figcaption><\/figure><\/div>\n\n\n\n<hr class=\"wp-block-separator\" \/>\n\n\n\n<p class=\"has-medium-font-size\">Wysoko\u015b\u0107 kopca wynosi 121 m  n.p.m.  Przez d\u0142ugie lata gruzowisko by\u0142o miejscem nieuporz\u0105dkowanym, wr\u0119cz wysypiskiem \u015bmieci. <\/p>\n\n\n\n<hr class=\"wp-block-separator\" \/>\n\n\n\n<div class=\"wp-block-image\"><figure class=\"aligncenter size-large is-resized\"><a href=\"https:\/\/bedeker.waw.pl\/wp-content\/uploads\/2020\/11\/Kopiec_Powstania_Warszawskiego_11.jpg\"><img decoding=\"async\" loading=\"lazy\" src=\"https:\/\/bedeker.waw.pl\/wp-content\/uploads\/2020\/11\/Kopiec_Powstania_Warszawskiego_11-1024x681.jpg\" alt=\"\" class=\"wp-image-2654\" width=\"580\" height=\"385\" srcset=\"https:\/\/bedeker.waw.pl\/wp-content\/uploads\/2020\/11\/Kopiec_Powstania_Warszawskiego_11-1024x681.jpg 1024w, https:\/\/bedeker.waw.pl\/wp-content\/uploads\/2020\/11\/Kopiec_Powstania_Warszawskiego_11-300x199.jpg 300w, https:\/\/bedeker.waw.pl\/wp-content\/uploads\/2020\/11\/Kopiec_Powstania_Warszawskiego_11-768x510.jpg 768w, https:\/\/bedeker.waw.pl\/wp-content\/uploads\/2020\/11\/Kopiec_Powstania_Warszawskiego_11.jpg 1500w\" sizes=\"(max-width: 580px) 100vw, 580px\" \/><\/a><figcaption>Widok z Kopca Powstania Warszawskiego<br> fot. Rafa\u0142 Adrian Kraszewski 2019<\/figcaption><\/figure><\/div>\n\n\n\n<hr class=\"wp-block-separator\" \/>\n\n\n\n<p class=\"has-medium-font-size\">Pod koniec XX wieku z inicjatywy \u015awiatowego  Zwi\u0105zku \u017bo\u0142nierzy Armii Krajowej wysz\u0142a propozycja uporz\u0105dkowania tego  terenu pod postaci\u0105 miejsca pami\u0119ci.<\/p>\n\n\n\n<hr class=\"wp-block-separator\" \/>\n\n\n\n<div class=\"wp-block-image\"><figure class=\"aligncenter size-large is-resized\"><a href=\"https:\/\/bedeker.waw.pl\/wp-content\/uploads\/2020\/11\/Kopiec_Powstania_Warszawskiego_10.jpg\"><img decoding=\"async\" loading=\"lazy\" src=\"https:\/\/bedeker.waw.pl\/wp-content\/uploads\/2020\/11\/Kopiec_Powstania_Warszawskiego_10-1024x681.jpg\" alt=\"\" class=\"wp-image-2653\" width=\"580\" height=\"385\" srcset=\"https:\/\/bedeker.waw.pl\/wp-content\/uploads\/2020\/11\/Kopiec_Powstania_Warszawskiego_10-1024x681.jpg 1024w, https:\/\/bedeker.waw.pl\/wp-content\/uploads\/2020\/11\/Kopiec_Powstania_Warszawskiego_10-300x199.jpg 300w, https:\/\/bedeker.waw.pl\/wp-content\/uploads\/2020\/11\/Kopiec_Powstania_Warszawskiego_10-768x510.jpg 768w, https:\/\/bedeker.waw.pl\/wp-content\/uploads\/2020\/11\/Kopiec_Powstania_Warszawskiego_10.jpg 1500w\" sizes=\"(max-width: 580px) 100vw, 580px\" \/><\/a><figcaption>   Kopiec Powstania Warszawskiego<br> fot. Rafa\u0142 Adrian Kraszewski 2019<\/figcaption><\/figure><\/div>\n\n\n\n<hr class=\"wp-block-separator\" \/>\n\n\n\n<p class=\"has-medium-font-size\">W\u00f3wczas zaproponowano nazw\u0119 &#8222;Kopiec  Pami\u0119ci Narodowej&#8221;. Od  2004 roku, wskutek uchwa\u0142y Rady m. st.  Warszawy, miejsce to nazywamy &#8222;Kopcem Powstania Warszawskiego&#8221;. <\/p>\n\n\n\n<hr class=\"wp-block-separator\" \/>\n\n\n\n<div class=\"wp-block-image\"><figure class=\"aligncenter size-large is-resized\"><a href=\"https:\/\/bedeker.waw.pl\/wp-content\/uploads\/2020\/11\/Kopiec_Powstania_Warszawskiego_08.jpg\"><img decoding=\"async\" loading=\"lazy\" src=\"https:\/\/bedeker.waw.pl\/wp-content\/uploads\/2020\/11\/Kopiec_Powstania_Warszawskiego_08-1024x681.jpg\" alt=\"\" class=\"wp-image-2647\" width=\"580\" height=\"385\" srcset=\"https:\/\/bedeker.waw.pl\/wp-content\/uploads\/2020\/11\/Kopiec_Powstania_Warszawskiego_08-1024x681.jpg 1024w, https:\/\/bedeker.waw.pl\/wp-content\/uploads\/2020\/11\/Kopiec_Powstania_Warszawskiego_08-300x199.jpg 300w, https:\/\/bedeker.waw.pl\/wp-content\/uploads\/2020\/11\/Kopiec_Powstania_Warszawskiego_08-768x510.jpg 768w, https:\/\/bedeker.waw.pl\/wp-content\/uploads\/2020\/11\/Kopiec_Powstania_Warszawskiego_08.jpg 1500w\" sizes=\"(max-width: 580px) 100vw, 580px\" \/><\/a><figcaption>Kopiec Powstania Warszawskiego<br> fot. Rafa\u0142 Adrian Kraszewski 2019 <\/figcaption><\/figure><\/div>\n\n\n\n<hr class=\"wp-block-separator\" \/>\n\n\n\n<p class=\"has-medium-font-size\">Teren  zosta\u0142 przywr\u00f3cony mieszka\u0144com. Mi\u0119dzy innymi wybudowano prowadz\u0105ce na  szczyt schody (Aleja Godziny &#8222;W&#8221;). <\/p>\n\n\n\n<hr class=\"wp-block-separator\" \/>\n\n\n\n<div class=\"wp-block-image\"><figure class=\"aligncenter size-large is-resized\"><a href=\"https:\/\/bedeker.waw.pl\/wp-content\/uploads\/2020\/11\/Kopiec_Powstania_Warszawskiego_05.jpg\"><img decoding=\"async\" loading=\"lazy\" src=\"https:\/\/bedeker.waw.pl\/wp-content\/uploads\/2020\/11\/Kopiec_Powstania_Warszawskiego_05-1024x681.jpg\" alt=\"\" class=\"wp-image-2642\" width=\"580\" height=\"385\" srcset=\"https:\/\/bedeker.waw.pl\/wp-content\/uploads\/2020\/11\/Kopiec_Powstania_Warszawskiego_05-1024x681.jpg 1024w, https:\/\/bedeker.waw.pl\/wp-content\/uploads\/2020\/11\/Kopiec_Powstania_Warszawskiego_05-300x199.jpg 300w, https:\/\/bedeker.waw.pl\/wp-content\/uploads\/2020\/11\/Kopiec_Powstania_Warszawskiego_05-768x510.jpg 768w, https:\/\/bedeker.waw.pl\/wp-content\/uploads\/2020\/11\/Kopiec_Powstania_Warszawskiego_05.jpg 1500w\" sizes=\"(max-width: 580px) 100vw, 580px\" \/><\/a><figcaption>  Kopiec Powstania Warszawskiego<br> fot. Rafa\u0142 Adrian Kraszewski 2019<\/figcaption><\/figure><\/div>\n\n\n\n<hr class=\"wp-block-separator\" \/>\n\n\n\n<div class=\"wp-block-image\"><figure class=\"aligncenter size-large is-resized\"><a href=\"https:\/\/bedeker.waw.pl\/wp-content\/uploads\/2020\/11\/Kopiec_Powstania_Warszawskiego_04.jpg\"><img decoding=\"async\" loading=\"lazy\" src=\"https:\/\/bedeker.waw.pl\/wp-content\/uploads\/2020\/11\/Kopiec_Powstania_Warszawskiego_04-1024x681.jpg\" alt=\"\" class=\"wp-image-2641\" width=\"580\" height=\"385\" srcset=\"https:\/\/bedeker.waw.pl\/wp-content\/uploads\/2020\/11\/Kopiec_Powstania_Warszawskiego_04-1024x681.jpg 1024w, https:\/\/bedeker.waw.pl\/wp-content\/uploads\/2020\/11\/Kopiec_Powstania_Warszawskiego_04-300x199.jpg 300w, https:\/\/bedeker.waw.pl\/wp-content\/uploads\/2020\/11\/Kopiec_Powstania_Warszawskiego_04-768x510.jpg 768w, https:\/\/bedeker.waw.pl\/wp-content\/uploads\/2020\/11\/Kopiec_Powstania_Warszawskiego_04.jpg 1500w\" sizes=\"(max-width: 580px) 100vw, 580px\" \/><\/a><figcaption> Kopiec Powstania Warszawskiego<br> fot. Rafa\u0142 Adrian Kraszewski 2019<\/figcaption><\/figure><\/div>\n\n\n\n<hr class=\"wp-block-separator\" \/>\n\n\n\n<p class=\"has-medium-font-size\">Obok schod\u00f3w ustawiono drewniane  krzy\u017ce. <\/p>\n\n\n\n<hr class=\"wp-block-separator\" \/>\n\n\n\n<div class=\"wp-block-image\"><figure class=\"aligncenter size-large is-resized\"><a href=\"https:\/\/bedeker.waw.pl\/wp-content\/uploads\/2020\/11\/Kopiec_Powstania_Warszawskiego_03.jpg\"><img decoding=\"async\" loading=\"lazy\" src=\"https:\/\/bedeker.waw.pl\/wp-content\/uploads\/2020\/11\/Kopiec_Powstania_Warszawskiego_03-1024x681.jpg\" alt=\"\" class=\"wp-image-2639\" width=\"580\" height=\"385\" srcset=\"https:\/\/bedeker.waw.pl\/wp-content\/uploads\/2020\/11\/Kopiec_Powstania_Warszawskiego_03-1024x681.jpg 1024w, https:\/\/bedeker.waw.pl\/wp-content\/uploads\/2020\/11\/Kopiec_Powstania_Warszawskiego_03-300x199.jpg 300w, https:\/\/bedeker.waw.pl\/wp-content\/uploads\/2020\/11\/Kopiec_Powstania_Warszawskiego_03-768x510.jpg 768w, https:\/\/bedeker.waw.pl\/wp-content\/uploads\/2020\/11\/Kopiec_Powstania_Warszawskiego_03.jpg 1500w\" sizes=\"(max-width: 580px) 100vw, 580px\" \/><\/a><figcaption>  Kopiec Powstania Warszawskiego<br> fot. Rafa\u0142 Adrian Kraszewski 2019<\/figcaption><\/figure><\/div>\n\n\n\n<hr class=\"wp-block-separator\" \/>\n\n\n\n<p class=\"has-medium-font-size\">Na szczycie dostrzegamy kilkumetrowy monument przedstawiaj\u0105cy  symbol Polski Walcz\u0105cej projektu \u017co\u0142nierza AK, pp\u0142k. in\u017c. architekta  Eugeniusza Ajewskiego.<\/p>\n\n\n\n<hr class=\"wp-block-separator\" \/>\n\n\n\n<div class=\"wp-block-image\"><figure class=\"aligncenter size-large is-resized\"><a href=\"https:\/\/bedeker.waw.pl\/wp-content\/uploads\/2020\/11\/Kopiec_Powstania_Warszawskiego_09.jpg\"><img decoding=\"async\" loading=\"lazy\" src=\"https:\/\/bedeker.waw.pl\/wp-content\/uploads\/2020\/11\/Kopiec_Powstania_Warszawskiego_09-1024x681.jpg\" alt=\"\" class=\"wp-image-2651\" width=\"580\" height=\"385\" srcset=\"https:\/\/bedeker.waw.pl\/wp-content\/uploads\/2020\/11\/Kopiec_Powstania_Warszawskiego_09-1024x681.jpg 1024w, https:\/\/bedeker.waw.pl\/wp-content\/uploads\/2020\/11\/Kopiec_Powstania_Warszawskiego_09-300x199.jpg 300w, https:\/\/bedeker.waw.pl\/wp-content\/uploads\/2020\/11\/Kopiec_Powstania_Warszawskiego_09-768x510.jpg 768w, https:\/\/bedeker.waw.pl\/wp-content\/uploads\/2020\/11\/Kopiec_Powstania_Warszawskiego_09.jpg 1500w\" sizes=\"(max-width: 580px) 100vw, 580px\" \/><\/a><figcaption> Kopiec Powstania Warszawskiego<br> fot. Rafa\u0142 Adrian Kraszewski 2019<\/figcaption><\/figure><\/div>\n\n\n\n<hr class=\"wp-block-separator\" \/>\n\n\n\n<p class=\"has-medium-font-size\">Jest to miejsce szczeg\u00f3lne dla naszego miasta. Spaceruj\u0105c po Kopcu Powstania Warszawskiego odnajdziemy relikty  przedwojennej Warszawy, bezimienne mury oraz detale. Jest to cmentarzysko  zapomnianych warszawskich kamienic. <\/p>\n\n\n\n<hr class=\"wp-block-separator\" \/>\n\n\n\n<div class=\"wp-block-image\"><figure class=\"aligncenter size-large is-resized\"><a href=\"https:\/\/bedeker.waw.pl\/wp-content\/uploads\/2020\/11\/Kopiec_Powstania_Warszawskiego_02.jpg\"><img decoding=\"async\" loading=\"lazy\" src=\"https:\/\/bedeker.waw.pl\/wp-content\/uploads\/2020\/11\/Kopiec_Powstania_Warszawskiego_02-1024x681.jpg\" alt=\"\" class=\"wp-image-2637\" width=\"580\" height=\"385\" srcset=\"https:\/\/bedeker.waw.pl\/wp-content\/uploads\/2020\/11\/Kopiec_Powstania_Warszawskiego_02-1024x681.jpg 1024w, https:\/\/bedeker.waw.pl\/wp-content\/uploads\/2020\/11\/Kopiec_Powstania_Warszawskiego_02-300x199.jpg 300w, https:\/\/bedeker.waw.pl\/wp-content\/uploads\/2020\/11\/Kopiec_Powstania_Warszawskiego_02-768x510.jpg 768w, https:\/\/bedeker.waw.pl\/wp-content\/uploads\/2020\/11\/Kopiec_Powstania_Warszawskiego_02.jpg 1500w\" sizes=\"(max-width: 580px) 100vw, 580px\" \/><\/a><figcaption> Kopiec Powstania Warszawskiego<br> fot. Rafa\u0142 Adrian Kraszewski 2019 <\/figcaption><\/figure><\/div>\n\n\n\n<hr class=\"wp-block-separator\" \/>\n\n\n\n<p class=\"has-medium-font-size\">Ceg\u0142y opowiadaj\u0105 nam tragiczn\u0105 i  przera\u017caj\u0105c\u0105 histori\u0119 naszej Warszawy. Miejsce, kt\u00f3re sk\u0142ania nas do  zadumy i refleksji. <\/p>\n\n\n\n<hr class=\"wp-block-separator\" \/>\n\n\n\n<div class=\"wp-block-image\"><figure class=\"aligncenter size-large is-resized\"><a href=\"https:\/\/bedeker.waw.pl\/wp-content\/uploads\/2020\/11\/Kopiec_Powstania_Warszawskiego_07.jpg\"><img decoding=\"async\" loading=\"lazy\" src=\"https:\/\/bedeker.waw.pl\/wp-content\/uploads\/2020\/11\/Kopiec_Powstania_Warszawskiego_07-1024x681.jpg\" alt=\"\" class=\"wp-image-2645\" width=\"578\" height=\"384\" srcset=\"https:\/\/bedeker.waw.pl\/wp-content\/uploads\/2020\/11\/Kopiec_Powstania_Warszawskiego_07-1024x681.jpg 1024w, https:\/\/bedeker.waw.pl\/wp-content\/uploads\/2020\/11\/Kopiec_Powstania_Warszawskiego_07-300x199.jpg 300w, https:\/\/bedeker.waw.pl\/wp-content\/uploads\/2020\/11\/Kopiec_Powstania_Warszawskiego_07-768x510.jpg 768w, https:\/\/bedeker.waw.pl\/wp-content\/uploads\/2020\/11\/Kopiec_Powstania_Warszawskiego_07.jpg 1500w\" sizes=\"(max-width: 578px) 100vw, 578px\" \/><\/a><figcaption>  Kopiec Powstania Warszawskiego<br> fot. Rafa\u0142 Adrian Kraszewski 2020<\/figcaption><\/figure><\/div>\n\n\n\n<hr class=\"wp-block-separator\" \/>\n\n\n\n<p class=\"has-medium-font-size\">Kopiec Powstania  Warszawskiego jest symbolem heroicznej walki o woln\u0105, niepodleg\u0142\u0105  Polsk\u0119. <\/p>\n\n\n\n<hr class=\"wp-block-separator\" \/>\n\n\n\n<div class=\"wp-block-image\"><figure class=\"aligncenter size-large is-resized\"><a href=\"https:\/\/bedeker.waw.pl\/wp-content\/uploads\/2020\/11\/Kopiec_Powstania_Warszawskiego_13.jpg\"><img decoding=\"async\" loading=\"lazy\" src=\"https:\/\/bedeker.waw.pl\/wp-content\/uploads\/2020\/11\/Kopiec_Powstania_Warszawskiego_13-1024x681.jpg\" alt=\"\" class=\"wp-image-2658\" width=\"580\" height=\"385\" srcset=\"https:\/\/bedeker.waw.pl\/wp-content\/uploads\/2020\/11\/Kopiec_Powstania_Warszawskiego_13-1024x681.jpg 1024w, https:\/\/bedeker.waw.pl\/wp-content\/uploads\/2020\/11\/Kopiec_Powstania_Warszawskiego_13-300x199.jpg 300w, https:\/\/bedeker.waw.pl\/wp-content\/uploads\/2020\/11\/Kopiec_Powstania_Warszawskiego_13-768x510.jpg 768w, https:\/\/bedeker.waw.pl\/wp-content\/uploads\/2020\/11\/Kopiec_Powstania_Warszawskiego_13.jpg 1500w\" sizes=\"(max-width: 580px) 100vw, 580px\" \/><\/a><figcaption>   Kopiec Powstania Warszawskiego<br> fot. Rafa\u0142 Adrian Kraszewski 2020<\/figcaption><\/figure><\/div>\n","protected":false},"excerpt":{"rendered":"<p>Kopiec Powstania Warszawskiego (dawniej G\u00f3rka Czerniakowska, Kopiec Czerniakowski) znajduje si\u0119 na Mokotowie przy ulicy Bartyckiej. Jest to jeden z czterech kopc\u00f3w, kt\u00f3re po II wojnie \u015bwiatowej usypano z gruz\u00f3w Warszawy.&hellip; <\/p>\n","protected":false},"author":2,"featured_media":2651,"comment_status":"closed","ping_status":"open","sticky":false,"template":"","format":"standard","meta":[],"categories":[18,4],"tags":[],"_links":{"self":[{"href":"https:\/\/bedeker.waw.pl\/index.php\/wp-json\/wp\/v2\/posts\/2634"}],"collection":[{"href":"https:\/\/bedeker.waw.pl\/index.php\/wp-json\/wp\/v2\/posts"}],"about":[{"href":"https:\/\/bedeker.waw.pl\/index.php\/wp-json\/wp\/v2\/types\/post"}],"author":[{"embeddable":true,"href":"https:\/\/bedeker.waw.pl\/index.php\/wp-json\/wp\/v2\/users\/2"}],"replies":[{"embeddable":true,"href":"https:\/\/bedeker.waw.pl\/index.php\/wp-json\/wp\/v2\/comments?post=2634"}],"version-history":[{"count":19,"href":"https:\/\/bedeker.waw.pl\/index.php\/wp-json\/wp\/v2\/posts\/2634\/revisions"}],"predecessor-version":[{"id":2674,"href":"https:\/\/bedeker.waw.pl\/index.php\/wp-json\/wp\/v2\/posts\/2634\/revisions\/2674"}],"wp:featuredmedia":[{"embeddable":true,"href":"https:\/\/bedeker.waw.pl\/index.php\/wp-json\/wp\/v2\/media\/2651"}],"wp:attachment":[{"href":"https:\/\/bedeker.waw.pl\/index.php\/wp-json\/wp\/v2\/media?parent=2634"}],"wp:term":[{"taxonomy":"category","embeddable":true,"href":"https:\/\/bedeker.waw.pl\/index.php\/wp-json\/wp\/v2\/categories?post=2634"},{"taxonomy":"post_tag","embeddable":true,"href":"https:\/\/bedeker.waw.pl\/index.php\/wp-json\/wp\/v2\/tags?post=2634"}],"curies":[{"name":"wp","href":"https:\/\/api.w.org\/{rel}","templated":true}]}}