{"id":2563,"date":"2020-09-26T23:09:00","date_gmt":"2020-09-26T21:09:00","guid":{"rendered":"https:\/\/bedeker.waw.pl\/?p=2563"},"modified":"2020-11-10T23:14:26","modified_gmt":"2020-11-10T22:14:26","slug":"warszawska-tworczosc-karola-tchorka","status":"publish","type":"post","link":"https:\/\/bedeker.waw.pl\/index.php\/2020\/09\/26\/warszawska-tworczosc-karola-tchorka\/","title":{"rendered":"Warszawska tw\u00f3rczo\u015b\u0107 Karola Tchorka."},"content":{"rendered":"\n<div class=\"wp-block-image\"><figure class=\"aligncenter size-large is-resized\"><a href=\"https:\/\/bedeker.waw.pl\/wp-content\/uploads\/2020\/11\/Warszawska_Jesien03.jpg\"><img decoding=\"async\" loading=\"lazy\" src=\"https:\/\/bedeker.waw.pl\/wp-content\/uploads\/2020\/11\/Warszawska_Jesien03-1024x681.jpg\" alt=\"\" class=\"wp-image-2565\" width=\"580\" height=\"385\" srcset=\"https:\/\/bedeker.waw.pl\/wp-content\/uploads\/2020\/11\/Warszawska_Jesien03-1024x681.jpg 1024w, https:\/\/bedeker.waw.pl\/wp-content\/uploads\/2020\/11\/Warszawska_Jesien03-300x199.jpg 300w, https:\/\/bedeker.waw.pl\/wp-content\/uploads\/2020\/11\/Warszawska_Jesien03-768x510.jpg 768w, https:\/\/bedeker.waw.pl\/wp-content\/uploads\/2020\/11\/Warszawska_Jesien03.jpg 1500w\" sizes=\"(max-width: 580px) 100vw, 580px\" \/><\/a><figcaption>Kamienna rze\u017aba \u201eWarszawska Jesie\u0144\u201d<br> fot. Rafa\u0142 Adrian Kraszewski 2020<\/figcaption><\/figure><\/div>\n\n\n\n<hr class=\"wp-block-separator\" \/>\n\n\n\n<p class=\"has-medium-font-size\">Kamienna rze\u017aba \u201eWarszawska Jesie\u0144\u201d (1975 r.) d\u0142uta Karola Tchorka znajduje si\u0119 na ty\u0142ach Uniwersytetu Muzycznego Fryderyka Chopina (skwer im. Bohdana Wodiczko). <\/p>\n\n\n\n<hr class=\"wp-block-separator\" \/>\n\n\n\n<div class=\"wp-block-image\"><figure class=\"aligncenter size-large is-resized\"><a href=\"https:\/\/bedeker.waw.pl\/wp-content\/uploads\/2020\/11\/Warszawska_Jesien01.jpg\"><img decoding=\"async\" loading=\"lazy\" src=\"https:\/\/bedeker.waw.pl\/wp-content\/uploads\/2020\/11\/Warszawska_Jesien01-681x1024.jpg\" alt=\"\" class=\"wp-image-2564\" width=\"376\" height=\"566\" srcset=\"https:\/\/bedeker.waw.pl\/wp-content\/uploads\/2020\/11\/Warszawska_Jesien01-681x1024.jpg 681w, https:\/\/bedeker.waw.pl\/wp-content\/uploads\/2020\/11\/Warszawska_Jesien01-199x300.jpg 199w, https:\/\/bedeker.waw.pl\/wp-content\/uploads\/2020\/11\/Warszawska_Jesien01-768x1155.jpg 768w, https:\/\/bedeker.waw.pl\/wp-content\/uploads\/2020\/11\/Warszawska_Jesien01.jpg 997w\" sizes=\"(max-width: 376px) 100vw, 376px\" \/><\/a><figcaption>Kamienna rze\u017aba \u201eWarszawska Jesie\u0144\u201d<br> fot. Rafa\u0142 Adrian Kraszewski 2020<\/figcaption><\/figure><\/div>\n\n\n\n<hr class=\"wp-block-separator\" \/>\n\n\n\n<p class=\"has-medium-font-size\">Dzie\u0142o przedstawia klucz wiolinowy i nawi\u0105zuje do Mi\u0119dzynarodowego Festiwalu Muzyki Wsp\u00f3\u0142czesnej \u201eWarszawska Jesie\u0144\u201d.<\/p>\n\n\n\n<hr class=\"wp-block-separator\" \/>\n\n\n\n<div class=\"wp-block-image\"><figure class=\"aligncenter size-large is-resized\"><a href=\"https:\/\/bedeker.waw.pl\/wp-content\/uploads\/2020\/11\/Warszawska_Jesien02.jpg\"><img decoding=\"async\" loading=\"lazy\" src=\"https:\/\/bedeker.waw.pl\/wp-content\/uploads\/2020\/11\/Warszawska_Jesien02-1024x681.jpg\" alt=\"\" class=\"wp-image-2566\" width=\"580\" height=\"385\" srcset=\"https:\/\/bedeker.waw.pl\/wp-content\/uploads\/2020\/11\/Warszawska_Jesien02-1024x681.jpg 1024w, https:\/\/bedeker.waw.pl\/wp-content\/uploads\/2020\/11\/Warszawska_Jesien02-300x199.jpg 300w, https:\/\/bedeker.waw.pl\/wp-content\/uploads\/2020\/11\/Warszawska_Jesien02-768x510.jpg 768w, https:\/\/bedeker.waw.pl\/wp-content\/uploads\/2020\/11\/Warszawska_Jesien02.jpg 1500w\" sizes=\"(max-width: 580px) 100vw, 580px\" \/><\/a><figcaption>Kamienna rze\u017aba \u201eWarszawska Jesie\u0144\u201d<br> fot. Rafa\u0142 Adrian Kraszewski 2020<\/figcaption><\/figure><\/div>\n\n\n\n<hr class=\"wp-block-separator\" \/>\n\n\n\n<div class=\"wp-block-image\"><figure class=\"aligncenter size-large is-resized\"><a href=\"https:\/\/bedeker.waw.pl\/wp-content\/uploads\/2020\/11\/Warszawska_Jesien04.jpg\"><img decoding=\"async\" loading=\"lazy\" src=\"https:\/\/bedeker.waw.pl\/wp-content\/uploads\/2020\/11\/Warszawska_Jesien04-1024x681.jpg\" alt=\"\" class=\"wp-image-2567\" width=\"580\" height=\"385\" srcset=\"https:\/\/bedeker.waw.pl\/wp-content\/uploads\/2020\/11\/Warszawska_Jesien04-1024x681.jpg 1024w, https:\/\/bedeker.waw.pl\/wp-content\/uploads\/2020\/11\/Warszawska_Jesien04-300x199.jpg 300w, https:\/\/bedeker.waw.pl\/wp-content\/uploads\/2020\/11\/Warszawska_Jesien04-768x510.jpg 768w, https:\/\/bedeker.waw.pl\/wp-content\/uploads\/2020\/11\/Warszawska_Jesien04.jpg 1500w\" sizes=\"(max-width: 580px) 100vw, 580px\" \/><\/a><figcaption>Kamienna rze\u017aba \u201eWarszawska Jesie\u0144\u201d<br> fot. Rafa\u0142 Adrian Kraszewski 2020<\/figcaption><\/figure><\/div>\n\n\n\n<hr class=\"wp-block-separator\" \/>\n\n\n\n<p class=\"has-medium-font-size\">Karol Tchorek jest autorem projektu  tablic pami\u0105tkowych w Warszawie, kt\u00f3re upami\u0119tniaj\u0105 miejsca walki i m\u0119cze\u0144stwa z okresu II wojny \u015bwiatowej.<\/p>\n\n\n\n<hr class=\"wp-block-separator\" \/>\n\n\n\n<div class=\"wp-block-image\"><figure class=\"aligncenter size-large is-resized\"><a href=\"https:\/\/bedeker.waw.pl\/wp-content\/uploads\/2020\/11\/TablicaKarolaTchorka.jpg\"><img decoding=\"async\" loading=\"lazy\" src=\"https:\/\/bedeker.waw.pl\/wp-content\/uploads\/2020\/11\/TablicaKarolaTchorka-1024x681.jpg\" alt=\"\" class=\"wp-image-2568\" width=\"580\" height=\"385\" srcset=\"https:\/\/bedeker.waw.pl\/wp-content\/uploads\/2020\/11\/TablicaKarolaTchorka-1024x681.jpg 1024w, https:\/\/bedeker.waw.pl\/wp-content\/uploads\/2020\/11\/TablicaKarolaTchorka-300x199.jpg 300w, https:\/\/bedeker.waw.pl\/wp-content\/uploads\/2020\/11\/TablicaKarolaTchorka-768x510.jpg 768w, https:\/\/bedeker.waw.pl\/wp-content\/uploads\/2020\/11\/TablicaKarolaTchorka.jpg 1500w\" sizes=\"(max-width: 580px) 100vw, 580px\" \/><\/a><figcaption>Tablica zaprojektowana przez Karola Tchorka na murze przed posesj\u0105 przy ul. ul. Emilii Plater 15 w Warszawie.<br> fot. Rafa\u0142 Adrian Kraszewski 2020<\/figcaption><\/figure><\/div>\n\n\n\n<hr class=\"wp-block-separator\" \/>\n\n\n\n<p class=\"has-medium-font-size\">W 1952 roku wspomniany rze\u017abiarz stworzy\u0142 p\u0142askorze\u017ab\u0119 \u201eMacierzy\u0144stwo\u201d (w zwi\u0105zku z budow\u0105 Marsza\u0142kowskiej Dzielnicy Mieszkaniowej &#8211; MDM). <\/p>\n\n\n\n<hr class=\"wp-block-separator\" \/>\n\n\n\n<div class=\"wp-block-image\"><figure class=\"aligncenter size-large is-resized\"><a href=\"https:\/\/bedeker.waw.pl\/wp-content\/uploads\/2020\/11\/PlaskorzezbaMacierzynstwo.jpg\"><img decoding=\"async\" loading=\"lazy\" src=\"https:\/\/bedeker.waw.pl\/wp-content\/uploads\/2020\/11\/PlaskorzezbaMacierzynstwo-681x1024.jpg\" alt=\"\" class=\"wp-image-2571\" width=\"380\" height=\"571\" srcset=\"https:\/\/bedeker.waw.pl\/wp-content\/uploads\/2020\/11\/PlaskorzezbaMacierzynstwo-681x1024.jpg 681w, https:\/\/bedeker.waw.pl\/wp-content\/uploads\/2020\/11\/PlaskorzezbaMacierzynstwo-200x300.jpg 200w, https:\/\/bedeker.waw.pl\/wp-content\/uploads\/2020\/11\/PlaskorzezbaMacierzynstwo-768x1154.jpg 768w, https:\/\/bedeker.waw.pl\/wp-content\/uploads\/2020\/11\/PlaskorzezbaMacierzynstwo.jpg 998w\" sizes=\"(max-width: 380px) 100vw, 380px\" \/><\/a><figcaption> P\u0142askorze\u017aba \u201eMacierzy\u0144stwo\u201d (ul. Marsza\u0142kowska 34\/50 w Warszawie) <br>  fot. Rafa\u0142 Adrian Kraszewski 2020 <\/figcaption><\/figure><\/div>\n\n\n\n<hr class=\"wp-block-separator\" \/>\n\n\n\n<p class=\"has-medium-font-size\">Gr\u00f3b Karola Tchorka odnajdziemy na cmentarzu Pow\u0105zkowskim (Starych Pow\u0105zkach) w Warszawie.<\/p>\n\n\n\n<hr class=\"wp-block-separator\" \/>\n\n\n\n<div class=\"wp-block-image\"><figure class=\"aligncenter size-large is-resized\"><a href=\"https:\/\/bedeker.waw.pl\/wp-content\/uploads\/2020\/11\/StarePowazkiGrobKarolaTchorka.jpg\"><img decoding=\"async\" loading=\"lazy\" src=\"https:\/\/bedeker.waw.pl\/wp-content\/uploads\/2020\/11\/StarePowazkiGrobKarolaTchorka-1024x681.jpg\" alt=\"\" class=\"wp-image-2569\" width=\"580\" height=\"385\" srcset=\"https:\/\/bedeker.waw.pl\/wp-content\/uploads\/2020\/11\/StarePowazkiGrobKarolaTchorka-1024x681.jpg 1024w, https:\/\/bedeker.waw.pl\/wp-content\/uploads\/2020\/11\/StarePowazkiGrobKarolaTchorka-300x199.jpg 300w, https:\/\/bedeker.waw.pl\/wp-content\/uploads\/2020\/11\/StarePowazkiGrobKarolaTchorka-768x510.jpg 768w, https:\/\/bedeker.waw.pl\/wp-content\/uploads\/2020\/11\/StarePowazkiGrobKarolaTchorka.jpg 1500w\" sizes=\"(max-width: 580px) 100vw, 580px\" \/><\/a><figcaption>Gr\u00f3b Karola Tchorka na Starych Pow\u0105zkach w Warszawie.<br> fot. Rafa\u0142 Adrian Kraszewski 2020<\/figcaption><\/figure><\/div>\n\n\n\n<p><\/p>\n","protected":false},"excerpt":{"rendered":"<p>Kamienna rze\u017aba \u201eWarszawska Jesie\u0144\u201d (1975 r.) d\u0142uta Karola Tchorka znajduje si\u0119 na ty\u0142ach Uniwersytetu Muzycznego Fryderyka Chopina (skwer im. Bohdana Wodiczko). Dzie\u0142o przedstawia klucz wiolinowy i nawi\u0105zuje do Mi\u0119dzynarodowego Festiwalu&hellip; <\/p>\n","protected":false},"author":2,"featured_media":2566,"comment_status":"closed","ping_status":"open","sticky":false,"template":"","format":"standard","meta":[],"categories":[18,4],"tags":[],"_links":{"self":[{"href":"https:\/\/bedeker.waw.pl\/index.php\/wp-json\/wp\/v2\/posts\/2563"}],"collection":[{"href":"https:\/\/bedeker.waw.pl\/index.php\/wp-json\/wp\/v2\/posts"}],"about":[{"href":"https:\/\/bedeker.waw.pl\/index.php\/wp-json\/wp\/v2\/types\/post"}],"author":[{"embeddable":true,"href":"https:\/\/bedeker.waw.pl\/index.php\/wp-json\/wp\/v2\/users\/2"}],"replies":[{"embeddable":true,"href":"https:\/\/bedeker.waw.pl\/index.php\/wp-json\/wp\/v2\/comments?post=2563"}],"version-history":[{"count":5,"href":"https:\/\/bedeker.waw.pl\/index.php\/wp-json\/wp\/v2\/posts\/2563\/revisions"}],"predecessor-version":[{"id":2575,"href":"https:\/\/bedeker.waw.pl\/index.php\/wp-json\/wp\/v2\/posts\/2563\/revisions\/2575"}],"wp:featuredmedia":[{"embeddable":true,"href":"https:\/\/bedeker.waw.pl\/index.php\/wp-json\/wp\/v2\/media\/2566"}],"wp:attachment":[{"href":"https:\/\/bedeker.waw.pl\/index.php\/wp-json\/wp\/v2\/media?parent=2563"}],"wp:term":[{"taxonomy":"category","embeddable":true,"href":"https:\/\/bedeker.waw.pl\/index.php\/wp-json\/wp\/v2\/categories?post=2563"},{"taxonomy":"post_tag","embeddable":true,"href":"https:\/\/bedeker.waw.pl\/index.php\/wp-json\/wp\/v2\/tags?post=2563"}],"curies":[{"name":"wp","href":"https:\/\/api.w.org\/{rel}","templated":true}]}}