{"id":2554,"date":"2020-10-12T21:48:00","date_gmt":"2020-10-12T19:48:00","guid":{"rendered":"https:\/\/bedeker.waw.pl\/?p=2554"},"modified":"2020-11-10T21:50:48","modified_gmt":"2020-11-10T20:50:48","slug":"rzezba-kapiaca-sie","status":"publish","type":"post","link":"https:\/\/bedeker.waw.pl\/index.php\/2020\/10\/12\/rzezba-kapiaca-sie\/","title":{"rendered":"Rze\u017aba &#8222;K\u0105pi\u0105ca si\u0119&#8221;"},"content":{"rendered":"\n<div class=\"wp-block-image\"><figure class=\"aligncenter size-large is-resized\"><a href=\"https:\/\/bedeker.waw.pl\/wp-content\/uploads\/2020\/11\/RzezbaKapiacasie02.jpg\"><img decoding=\"async\" loading=\"lazy\" src=\"https:\/\/bedeker.waw.pl\/wp-content\/uploads\/2020\/11\/RzezbaKapiacasie02-1024x681.jpg\" alt=\"\" class=\"wp-image-2558\" width=\"580\" height=\"385\" srcset=\"https:\/\/bedeker.waw.pl\/wp-content\/uploads\/2020\/11\/RzezbaKapiacasie02-1024x681.jpg 1024w, https:\/\/bedeker.waw.pl\/wp-content\/uploads\/2020\/11\/RzezbaKapiacasie02-300x199.jpg 300w, https:\/\/bedeker.waw.pl\/wp-content\/uploads\/2020\/11\/RzezbaKapiacasie02-768x510.jpg 768w, https:\/\/bedeker.waw.pl\/wp-content\/uploads\/2020\/11\/RzezbaKapiacasie02.jpg 1500w\" sizes=\"(max-width: 580px) 100vw, 580px\" \/><\/a><figcaption>Rze\u017aba &#8222;K\u0105pi\u0105ca si\u0119&#8221; w Parku Skaryszewskim im. Ignacego Jana Paderewskiego w Warszawie.<br> fot. Rafa\u0142 Adrian Kraszewski 2020<\/figcaption><\/figure><\/div>\n\n\n\n<hr class=\"wp-block-separator\" \/>\n\n\n\n<p class=\"has-medium-font-size\">Rze\u017aba  &#8222;K\u0105pi\u0105ca si\u0119&#8221; d\u0142uta Olgi Niewskiej zosta\u0142a odlana w Firmie Braci \u0141opie\u0144skich w Warszawie. <\/p>\n\n\n\n<hr class=\"wp-block-separator\" \/>\n\n\n\n<div class=\"wp-block-image\"><figure class=\"aligncenter size-large is-resized\"><a href=\"https:\/\/bedeker.waw.pl\/wp-content\/uploads\/2020\/11\/RzezbaKapiacasie03.jpg\"><img decoding=\"async\" loading=\"lazy\" src=\"https:\/\/bedeker.waw.pl\/wp-content\/uploads\/2020\/11\/RzezbaKapiacasie03-1024x681.jpg\" alt=\"\" class=\"wp-image-2555\" width=\"580\" height=\"385\" srcset=\"https:\/\/bedeker.waw.pl\/wp-content\/uploads\/2020\/11\/RzezbaKapiacasie03-1024x681.jpg 1024w, https:\/\/bedeker.waw.pl\/wp-content\/uploads\/2020\/11\/RzezbaKapiacasie03-300x199.jpg 300w, https:\/\/bedeker.waw.pl\/wp-content\/uploads\/2020\/11\/RzezbaKapiacasie03-768x510.jpg 768w, https:\/\/bedeker.waw.pl\/wp-content\/uploads\/2020\/11\/RzezbaKapiacasie03.jpg 1500w\" sizes=\"(max-width: 580px) 100vw, 580px\" \/><\/a><figcaption> Rze\u017aba &#8222;K\u0105pi\u0105ca si\u0119&#8221; w Parku Skaryszewskim im. Ignacego Jana Paderewskiego w Warszawie.<br> fot. Rafa\u0142 Adrian Kraszewski 2020 <\/figcaption><\/figure><\/div>\n\n\n\n<hr class=\"wp-block-separator\" \/>\n\n\n\n<p class=\"has-medium-font-size\">Na cokole odnajdziemy podpis artystki.<\/p>\n\n\n\n<hr class=\"wp-block-separator\" \/>\n\n\n\n<div class=\"wp-block-image\"><figure class=\"aligncenter size-large is-resized\"><a href=\"https:\/\/bedeker.waw.pl\/wp-content\/uploads\/2020\/11\/RzezbaKapiacasie04.jpg\"><img decoding=\"async\" loading=\"lazy\" src=\"https:\/\/bedeker.waw.pl\/wp-content\/uploads\/2020\/11\/RzezbaKapiacasie04-1024x681.jpg\" alt=\"\" class=\"wp-image-2560\" width=\"580\" height=\"385\" srcset=\"https:\/\/bedeker.waw.pl\/wp-content\/uploads\/2020\/11\/RzezbaKapiacasie04-1024x681.jpg 1024w, https:\/\/bedeker.waw.pl\/wp-content\/uploads\/2020\/11\/RzezbaKapiacasie04-300x199.jpg 300w, https:\/\/bedeker.waw.pl\/wp-content\/uploads\/2020\/11\/RzezbaKapiacasie04-768x510.jpg 768w, https:\/\/bedeker.waw.pl\/wp-content\/uploads\/2020\/11\/RzezbaKapiacasie04.jpg 1500w\" sizes=\"(max-width: 580px) 100vw, 580px\" \/><\/a><figcaption> Rze\u017aba &#8222;K\u0105pi\u0105ca si\u0119&#8221; w Parku Skaryszewskim im. Ignacego Jana Paderewskiego w Warszawie.<br> fot. Rafa\u0142 Adrian Kraszewski 2020 <\/figcaption><\/figure><\/div>\n\n\n\n<hr class=\"wp-block-separator\" \/>\n\n\n\n<p class=\"has-medium-font-size\">Dzie\u0142o ods\u0142oni\u0119to 28 wrze\u015bnia 1929 r. w Parku  Skaryszewskim w Warszawie, kt\u00f3ry w tym samym roku otrzyma\u0142 imi\u0119 Ignacego  Jana Paderewskiego.<\/p>\n\n\n\n<hr class=\"wp-block-separator\" \/>\n\n\n\n<div class=\"wp-block-image\"><figure class=\"aligncenter size-large is-resized\"><a href=\"https:\/\/bedeker.waw.pl\/wp-content\/uploads\/2020\/11\/RzezbaKapiacasie00.jpg\"><img decoding=\"async\" loading=\"lazy\" src=\"https:\/\/bedeker.waw.pl\/wp-content\/uploads\/2020\/11\/RzezbaKapiacasie00-1024x709.jpg\" alt=\"\" class=\"wp-image-2556\" width=\"580\" height=\"401\" srcset=\"https:\/\/bedeker.waw.pl\/wp-content\/uploads\/2020\/11\/RzezbaKapiacasie00-1024x709.jpg 1024w, https:\/\/bedeker.waw.pl\/wp-content\/uploads\/2020\/11\/RzezbaKapiacasie00-300x208.jpg 300w, https:\/\/bedeker.waw.pl\/wp-content\/uploads\/2020\/11\/RzezbaKapiacasie00-768x531.jpg 768w, https:\/\/bedeker.waw.pl\/wp-content\/uploads\/2020\/11\/RzezbaKapiacasie00-1536x1063.jpg 1536w, https:\/\/bedeker.waw.pl\/wp-content\/uploads\/2020\/11\/RzezbaKapiacasie00.jpg 1750w\" sizes=\"(max-width: 580px) 100vw, 580px\" \/><\/a><figcaption> 28  wrze\u015bnia 1929 roku. Uroczysto\u015b\u0107 ods\u0142oni\u0119cia rze\u017aby &#8222;K\u0105pi\u0105ca si\u0119&#8221; d\u0142uta  Olgi Niewskiej w Parku Skaryszewskim w Warszawie. Od lewej widoczni s\u0105  prezydent Warszawy Zygmunt S\u0142omi\u0144ski, Olga Niewska, wiceprezes Rady  Miejskiej Stanis\u0142aw Wilczy\u0144ski.<br>\u0179r\u00f3d\u0142o: Narodowe Archiwum Cyfrowe<br>Zesp\u00f3\u0142: Koncern Ilustrowany Kurier Codzienny &#8211; Archiwum Ilustracji<br>Sygnatura: 1-U-7388-2 <\/figcaption><\/figure><\/div>\n\n\n\n<hr class=\"wp-block-separator\" \/>\n\n\n\n<p class=\"has-medium-font-size\">Rze\u017ab\u0119 ustawiono na brzegu (od po\u0142udniowej strony)  Stawu na Kosku (\u0141ab\u0119dziego). Na uroczysto\u015bci by\u0142 obecny \u00f3wczesny  prezydent Miasta Sto\u0142ecznego Warszawy &#8211; Zygmunt S\u0142omi\u0144ski. <\/p>\n\n\n\n<hr class=\"wp-block-separator\" \/>\n\n\n\n<div class=\"wp-block-image\"><figure class=\"aligncenter size-large is-resized\"><a href=\"https:\/\/bedeker.waw.pl\/wp-content\/uploads\/2020\/11\/RzezbaKapiacasie05.jpg\"><img decoding=\"async\" loading=\"lazy\" src=\"https:\/\/bedeker.waw.pl\/wp-content\/uploads\/2020\/11\/RzezbaKapiacasie05-719x1024.jpg\" alt=\"\" class=\"wp-image-2557\" width=\"436\" height=\"622\" srcset=\"https:\/\/bedeker.waw.pl\/wp-content\/uploads\/2020\/11\/RzezbaKapiacasie05-719x1024.jpg 719w, https:\/\/bedeker.waw.pl\/wp-content\/uploads\/2020\/11\/RzezbaKapiacasie05-211x300.jpg 211w, https:\/\/bedeker.waw.pl\/wp-content\/uploads\/2020\/11\/RzezbaKapiacasie05-768x1094.jpg 768w, https:\/\/bedeker.waw.pl\/wp-content\/uploads\/2020\/11\/RzezbaKapiacasie05-1078x1536.jpg 1078w, https:\/\/bedeker.waw.pl\/wp-content\/uploads\/2020\/11\/RzezbaKapiacasie05.jpg 1235w\" sizes=\"(max-width: 436px) 100vw, 436px\" \/><\/a><figcaption> 28 wrze\u015bnia 1929 roku. Uroczysto\u015b\u0107 ods\u0142oni\u0119cia rze\u017aby &#8222;K\u0105pi\u0105ca si\u0119&#8221; d\u0142uta Olgi Niewskiej w Parku Skaryszewskim w Warszawie. <br>\u0179r\u00f3d\u0142o: Narodowe Archiwum Cyfrowe<br>Zesp\u00f3\u0142: Koncern Ilustrowany Kurier Codzienny &#8211; Archiwum Ilustracji<br>Sygnatura: 1-U-7388-1 <\/figcaption><\/figure><\/div>\n\n\n\n<hr class=\"wp-block-separator\" \/>\n\n\n\n<p class=\"has-medium-font-size\">Rze\u017aba  przetrwa\u0142a okres II wojny \u015bwiatowej. W 1997 roku pr\u00f3bowano ukra\u015b\u0107 ten  cenny zabytek.  W\u00f3wczas uszkodzon\u0105 rze\u017ab\u0119 naprawiono. <\/p>\n\n\n\n<hr class=\"wp-block-separator\" \/>\n\n\n\n<div class=\"wp-block-image\"><figure class=\"aligncenter size-large is-resized\"><a href=\"https:\/\/bedeker.waw.pl\/wp-content\/uploads\/2020\/11\/RzezbaKapiacasie01.jpg\"><img decoding=\"async\" loading=\"lazy\" src=\"https:\/\/bedeker.waw.pl\/wp-content\/uploads\/2020\/11\/RzezbaKapiacasie01-681x1024.jpg\" alt=\"\" class=\"wp-image-2559\" width=\"415\" height=\"624\" srcset=\"https:\/\/bedeker.waw.pl\/wp-content\/uploads\/2020\/11\/RzezbaKapiacasie01-681x1024.jpg 681w, https:\/\/bedeker.waw.pl\/wp-content\/uploads\/2020\/11\/RzezbaKapiacasie01-199x300.jpg 199w, https:\/\/bedeker.waw.pl\/wp-content\/uploads\/2020\/11\/RzezbaKapiacasie01-768x1155.jpg 768w, https:\/\/bedeker.waw.pl\/wp-content\/uploads\/2020\/11\/RzezbaKapiacasie01.jpg 997w\" sizes=\"(max-width: 415px) 100vw, 415px\" \/><\/a><figcaption> Rze\u017aba &#8222;K\u0105pi\u0105ca si\u0119&#8221; w Parku Skaryszewskim im. Ignacego Jana Paderewskiego w Warszawie.<br> fot. Rafa\u0142 Adrian Kraszewski 2020 <\/figcaption><\/figure><\/div>\n\n\n\n<hr class=\"wp-block-separator\" \/>\n\n\n\n<p class=\"has-medium-font-size\">W 2019 &#8222;K\u0105pi\u0105ca  si\u0119&#8221; zosta\u0142a poddana gruntownej renowacji. Aktualnie znajduje si\u0119 na  swoim pierwotnym miejscu i zachwyca nas pi\u0119knem i blaskiem. <\/p>\n\n\n\n<hr class=\"wp-block-separator\" \/>\n\n\n\n<div class=\"wp-block-image\"><figure class=\"aligncenter size-large is-resized\"><a href=\"https:\/\/bedeker.waw.pl\/wp-content\/uploads\/2020\/11\/RzezbaKapiacasie06.jpg\"><img decoding=\"async\" loading=\"lazy\" src=\"https:\/\/bedeker.waw.pl\/wp-content\/uploads\/2020\/11\/RzezbaKapiacasie06-681x1024.jpg\" alt=\"\" class=\"wp-image-2561\" width=\"420\" height=\"631\" srcset=\"https:\/\/bedeker.waw.pl\/wp-content\/uploads\/2020\/11\/RzezbaKapiacasie06-681x1024.jpg 681w, https:\/\/bedeker.waw.pl\/wp-content\/uploads\/2020\/11\/RzezbaKapiacasie06-199x300.jpg 199w, https:\/\/bedeker.waw.pl\/wp-content\/uploads\/2020\/11\/RzezbaKapiacasie06-768x1155.jpg 768w, https:\/\/bedeker.waw.pl\/wp-content\/uploads\/2020\/11\/RzezbaKapiacasie06.jpg 997w\" sizes=\"(max-width: 420px) 100vw, 420px\" \/><\/a><figcaption> Rze\u017aba &#8222;K\u0105pi\u0105ca si\u0119&#8221; w Parku Skaryszewskim im. Ignacego Jana Paderewskiego w Warszawie.<br> fot. Rafa\u0142 Adrian Kraszewski 2020 <\/figcaption><\/figure><\/div>\n","protected":false},"excerpt":{"rendered":"<p>Rze\u017aba &#8222;K\u0105pi\u0105ca si\u0119&#8221; d\u0142uta Olgi Niewskiej zosta\u0142a odlana w Firmie Braci \u0141opie\u0144skich w Warszawie. Na cokole odnajdziemy podpis artystki. Dzie\u0142o ods\u0142oni\u0119to 28 wrze\u015bnia 1929 r. w Parku Skaryszewskim w Warszawie,&hellip; <\/p>\n","protected":false},"author":2,"featured_media":2558,"comment_status":"closed","ping_status":"open","sticky":false,"template":"","format":"standard","meta":[],"categories":[18,17,4],"tags":[],"_links":{"self":[{"href":"https:\/\/bedeker.waw.pl\/index.php\/wp-json\/wp\/v2\/posts\/2554"}],"collection":[{"href":"https:\/\/bedeker.waw.pl\/index.php\/wp-json\/wp\/v2\/posts"}],"about":[{"href":"https:\/\/bedeker.waw.pl\/index.php\/wp-json\/wp\/v2\/types\/post"}],"author":[{"embeddable":true,"href":"https:\/\/bedeker.waw.pl\/index.php\/wp-json\/wp\/v2\/users\/2"}],"replies":[{"embeddable":true,"href":"https:\/\/bedeker.waw.pl\/index.php\/wp-json\/wp\/v2\/comments?post=2554"}],"version-history":[{"count":1,"href":"https:\/\/bedeker.waw.pl\/index.php\/wp-json\/wp\/v2\/posts\/2554\/revisions"}],"predecessor-version":[{"id":2562,"href":"https:\/\/bedeker.waw.pl\/index.php\/wp-json\/wp\/v2\/posts\/2554\/revisions\/2562"}],"wp:featuredmedia":[{"embeddable":true,"href":"https:\/\/bedeker.waw.pl\/index.php\/wp-json\/wp\/v2\/media\/2558"}],"wp:attachment":[{"href":"https:\/\/bedeker.waw.pl\/index.php\/wp-json\/wp\/v2\/media?parent=2554"}],"wp:term":[{"taxonomy":"category","embeddable":true,"href":"https:\/\/bedeker.waw.pl\/index.php\/wp-json\/wp\/v2\/categories?post=2554"},{"taxonomy":"post_tag","embeddable":true,"href":"https:\/\/bedeker.waw.pl\/index.php\/wp-json\/wp\/v2\/tags?post=2554"}],"curies":[{"name":"wp","href":"https:\/\/api.w.org\/{rel}","templated":true}]}}