{"id":2505,"date":"2020-05-16T19:24:00","date_gmt":"2020-05-16T17:24:00","guid":{"rendered":"https:\/\/bedeker.waw.pl\/?p=2505"},"modified":"2020-07-17T19:31:55","modified_gmt":"2020-07-17T17:31:55","slug":"16-maja-1943-roku-zakonczenie-powstania-w-getcie-warszawskim","status":"publish","type":"post","link":"https:\/\/bedeker.waw.pl\/index.php\/2020\/05\/16\/16-maja-1943-roku-zakonczenie-powstania-w-getcie-warszawskim\/","title":{"rendered":"16 maja 1943 roku &#8211; zako\u0144czenie powstania w getcie warszawskim."},"content":{"rendered":"\n<p class=\"has-medium-font-size\">16 maja 1943 roku Wielka Synagoga (projektu Leandra Marconiego &#8211; syna Henryka Marconiego) przy placu T\u0142omackie 7 w Warszawie przesta\u0142a istnie\u0107. Zosta\u0142a wysadzona osobi\u015bcie przez hitlerowskiego zbrodniarza J\u00fcrgena Stroopa. Ten dzie\u0144 uznaje si\u0119 za zako\u0144czenie powstania w getcie warszawskim. <\/p>\n\n\n\n<hr class=\"wp-block-separator\" \/>\n\n\n\n<div class=\"wp-block-image\"><figure class=\"aligncenter size-large is-resized\"><a href=\"https:\/\/bedeker.waw.pl\/wp-content\/uploads\/2020\/07\/WielkaSynagoga.jpg\"><img decoding=\"async\" loading=\"lazy\" src=\"https:\/\/bedeker.waw.pl\/wp-content\/uploads\/2020\/07\/WielkaSynagoga-1024x699.jpg\" alt=\"\" class=\"wp-image-2506\" width=\"580\" height=\"395\" srcset=\"https:\/\/bedeker.waw.pl\/wp-content\/uploads\/2020\/07\/WielkaSynagoga-1024x699.jpg 1024w, https:\/\/bedeker.waw.pl\/wp-content\/uploads\/2020\/07\/WielkaSynagoga-300x205.jpg 300w, https:\/\/bedeker.waw.pl\/wp-content\/uploads\/2020\/07\/WielkaSynagoga-768x524.jpg 768w, https:\/\/bedeker.waw.pl\/wp-content\/uploads\/2020\/07\/WielkaSynagoga-1536x1048.jpg 1536w, https:\/\/bedeker.waw.pl\/wp-content\/uploads\/2020\/07\/WielkaSynagoga.jpg 1945w\" sizes=\"(max-width: 580px) 100vw, 580px\" \/><\/a><figcaption>Wielka Synagoga przy placu T\u0142omackie 7<br> Album poczt\u00f3wek &#8222;Warszawa&#8221;wyd. oko\u0142o 1919 roku (wed\u0142ug Wojew\u00f3dzkiej  Biblioteki Publicznej w Lublinie)<br>Wojew\u00f3dzka Biblioteka Publiczna w  Lublinie  <\/figcaption><\/figure><\/div>\n\n\n\n<hr class=\"wp-block-separator\" \/>\n\n\n\n<p class=\"has-medium-font-size\">Stroop z przeprowadzonej akcji likwidacyjnej getta warszawskiego sporz\u0105dzi\u0142 raport dla Heinricha Himmlera (tzw. Raport Stroopa). Ten 75 stronicowy dokument sta\u0142 si\u0119 jednym z najwa\u017cniejszych dowod\u00f3w dokumentuj\u0105cych eksterminacj\u0119 polskiej ludno\u015bci \u017cydowskiej. W 2017 roku raport zosta\u0142 wpisany na list\u0119 UNESCO Pami\u0119\u0107 \u015awiata. Sam Stroop za skutecznie przeprowadzon\u0105 akcj\u0119 likwidacyjn\u0105 &#8222;\u017cydowskiej dzielnicy&#8221; zosta\u0142 odznaczony \u017belaznym Krzy\u017cem I klasy. Po II wojnie \u015bwiatowej zosta\u0142 osadzony w jednej celi (wi\u0119zienie mokotowskie) z \u017co\u0142nierzem Armii Krajowej &#8211; Kazimierzem Moczarskim. J\u00fcrgen Stroop zosta\u0142 stracony 6 marca 1952 roku. W latach 70 XX wieku Kazimierz Moczarski napisa\u0142 ksi\u0105\u017ck\u0119 w formie reporta\u017cu pt. &#8222;Rozmowy z katem&#8221;. Pe\u0142na, niecenzurowana wersja tej ksi\u0105\u017cki ukaza\u0142a si\u0119 dopiero w latach 90 ubieg\u0142ego stulecia.<\/p>\n","protected":false},"excerpt":{"rendered":"<p>16 maja 1943 roku Wielka Synagoga (projektu Leandra Marconiego &#8211; syna Henryka Marconiego) przy placu T\u0142omackie 7 w Warszawie przesta\u0142a istnie\u0107. Zosta\u0142a wysadzona osobi\u015bcie przez hitlerowskiego zbrodniarza J\u00fcrgena Stroopa. Ten&hellip; <\/p>\n","protected":false},"author":2,"featured_media":2506,"comment_status":"closed","ping_status":"open","sticky":false,"template":"","format":"standard","meta":[],"categories":[4],"tags":[],"_links":{"self":[{"href":"https:\/\/bedeker.waw.pl\/index.php\/wp-json\/wp\/v2\/posts\/2505"}],"collection":[{"href":"https:\/\/bedeker.waw.pl\/index.php\/wp-json\/wp\/v2\/posts"}],"about":[{"href":"https:\/\/bedeker.waw.pl\/index.php\/wp-json\/wp\/v2\/types\/post"}],"author":[{"embeddable":true,"href":"https:\/\/bedeker.waw.pl\/index.php\/wp-json\/wp\/v2\/users\/2"}],"replies":[{"embeddable":true,"href":"https:\/\/bedeker.waw.pl\/index.php\/wp-json\/wp\/v2\/comments?post=2505"}],"version-history":[{"count":0,"href":"https:\/\/bedeker.waw.pl\/index.php\/wp-json\/wp\/v2\/posts\/2505\/revisions"}],"wp:featuredmedia":[{"embeddable":true,"href":"https:\/\/bedeker.waw.pl\/index.php\/wp-json\/wp\/v2\/media\/2506"}],"wp:attachment":[{"href":"https:\/\/bedeker.waw.pl\/index.php\/wp-json\/wp\/v2\/media?parent=2505"}],"wp:term":[{"taxonomy":"category","embeddable":true,"href":"https:\/\/bedeker.waw.pl\/index.php\/wp-json\/wp\/v2\/categories?post=2505"},{"taxonomy":"post_tag","embeddable":true,"href":"https:\/\/bedeker.waw.pl\/index.php\/wp-json\/wp\/v2\/tags?post=2505"}],"curies":[{"name":"wp","href":"https:\/\/api.w.org\/{rel}","templated":true}]}}