{"id":2344,"date":"2020-04-22T23:27:26","date_gmt":"2020-04-22T21:27:26","guid":{"rendered":"https:\/\/bedeker.waw.pl\/?p=2344"},"modified":"2020-04-22T23:27:27","modified_gmt":"2020-04-22T21:27:27","slug":"fabryka-obrabiarek-precyzyjnych-avia-s-a","status":"publish","type":"post","link":"https:\/\/bedeker.waw.pl\/index.php\/2020\/04\/22\/fabryka-obrabiarek-precyzyjnych-avia-s-a\/","title":{"rendered":"Fabryka Obrabiarek Precyzyjnych AVIA S.A."},"content":{"rendered":"\n<hr class=\"wp-block-separator\" \/>\n\n\n\n<p class=\"has-medium-font-size\"> <strong> Galeria zdj\u0119\u0107 Rafa\u0142a Adriana Kraszewskiego. <\/strong> <\/p>\n\n\n\n<hr class=\"wp-block-separator\" \/>\n\n\n\n<div class=\"wp-block-image\"><figure class=\"aligncenter size-large is-resized\"><a href=\"https:\/\/bedeker.waw.pl\/wp-content\/uploads\/2020\/04\/AVIA16.jpg\"><img decoding=\"async\" loading=\"lazy\" src=\"https:\/\/bedeker.waw.pl\/wp-content\/uploads\/2020\/04\/AVIA16-1024x681.jpg\" alt=\"\" class=\"wp-image-2346\" width=\"580\" height=\"385\" srcset=\"https:\/\/bedeker.waw.pl\/wp-content\/uploads\/2020\/04\/AVIA16-1024x681.jpg 1024w, https:\/\/bedeker.waw.pl\/wp-content\/uploads\/2020\/04\/AVIA16-300x199.jpg 300w, https:\/\/bedeker.waw.pl\/wp-content\/uploads\/2020\/04\/AVIA16-768x510.jpg 768w, https:\/\/bedeker.waw.pl\/wp-content\/uploads\/2020\/04\/AVIA16.jpg 1500w\" sizes=\"(max-width: 580px) 100vw, 580px\" \/><\/a><figcaption> Fabryka Obrabiarek Precyzyjnych AVIA S.A.<br>fot. Rafa\u0142 Adrian Kraszewski 2020<\/figcaption><\/figure><\/div>\n\n\n\n<hr class=\"wp-block-separator\" \/>\n\n\n\n<div class=\"wp-block-image\"><figure class=\"aligncenter size-large is-resized\"><a href=\"https:\/\/bedeker.waw.pl\/wp-content\/uploads\/2020\/04\/AVIA17.jpg\"><img decoding=\"async\" loading=\"lazy\" src=\"https:\/\/bedeker.waw.pl\/wp-content\/uploads\/2020\/04\/AVIA17-1024x681.jpg\" alt=\"\" class=\"wp-image-2347\" width=\"580\" height=\"385\" srcset=\"https:\/\/bedeker.waw.pl\/wp-content\/uploads\/2020\/04\/AVIA17-1024x681.jpg 1024w, https:\/\/bedeker.waw.pl\/wp-content\/uploads\/2020\/04\/AVIA17-300x199.jpg 300w, https:\/\/bedeker.waw.pl\/wp-content\/uploads\/2020\/04\/AVIA17-768x510.jpg 768w, https:\/\/bedeker.waw.pl\/wp-content\/uploads\/2020\/04\/AVIA17.jpg 1500w\" sizes=\"(max-width: 580px) 100vw, 580px\" \/><\/a><figcaption>  Fabryka Obrabiarek Precyzyjnych AVIA S.A.<br>fot. Rafa\u0142 Adrian Kraszewski 2020<\/figcaption><\/figure><\/div>\n\n\n\n<hr class=\"wp-block-separator\" \/>\n\n\n\n<div class=\"wp-block-image\"><figure class=\"aligncenter size-large is-resized\"><a href=\"https:\/\/bedeker.waw.pl\/wp-content\/uploads\/2020\/04\/AVIA01.jpg\"><img decoding=\"async\" loading=\"lazy\" src=\"https:\/\/bedeker.waw.pl\/wp-content\/uploads\/2020\/04\/AVIA01-1024x681.jpg\" alt=\"\" class=\"wp-image-2348\" width=\"580\" height=\"385\" srcset=\"https:\/\/bedeker.waw.pl\/wp-content\/uploads\/2020\/04\/AVIA01-1024x681.jpg 1024w, https:\/\/bedeker.waw.pl\/wp-content\/uploads\/2020\/04\/AVIA01-300x199.jpg 300w, https:\/\/bedeker.waw.pl\/wp-content\/uploads\/2020\/04\/AVIA01-768x510.jpg 768w, https:\/\/bedeker.waw.pl\/wp-content\/uploads\/2020\/04\/AVIA01.jpg 1500w\" sizes=\"(max-width: 580px) 100vw, 580px\" \/><\/a><figcaption>  Fabryka Obrabiarek Precyzyjnych AVIA S.A.<br>fot. Rafa\u0142 Adrian Kraszewski 2020<\/figcaption><\/figure><\/div>\n\n\n\n<hr class=\"wp-block-separator\" \/>\n\n\n\n<div class=\"wp-block-image\"><figure class=\"aligncenter size-large is-resized\"><a href=\"https:\/\/bedeker.waw.pl\/wp-content\/uploads\/2020\/04\/AVIA02.jpg\"><img decoding=\"async\" loading=\"lazy\" src=\"https:\/\/bedeker.waw.pl\/wp-content\/uploads\/2020\/04\/AVIA02-1024x681.jpg\" alt=\"\" class=\"wp-image-2349\" width=\"580\" height=\"385\" srcset=\"https:\/\/bedeker.waw.pl\/wp-content\/uploads\/2020\/04\/AVIA02-1024x681.jpg 1024w, https:\/\/bedeker.waw.pl\/wp-content\/uploads\/2020\/04\/AVIA02-300x199.jpg 300w, https:\/\/bedeker.waw.pl\/wp-content\/uploads\/2020\/04\/AVIA02-768x510.jpg 768w, https:\/\/bedeker.waw.pl\/wp-content\/uploads\/2020\/04\/AVIA02.jpg 1500w\" sizes=\"(max-width: 580px) 100vw, 580px\" \/><\/a><figcaption>  Fabryka Obrabiarek Precyzyjnych AVIA S.A.<br>fot. Rafa\u0142 Adrian Kraszewski 2020 <\/figcaption><\/figure><\/div>\n\n\n\n<hr class=\"wp-block-separator\" \/>\n\n\n\n<div class=\"wp-block-image\"><figure class=\"aligncenter size-large is-resized\"><a href=\"https:\/\/bedeker.waw.pl\/wp-content\/uploads\/2020\/04\/AVIA03.jpg\"><img decoding=\"async\" loading=\"lazy\" src=\"https:\/\/bedeker.waw.pl\/wp-content\/uploads\/2020\/04\/AVIA03-1024x681.jpg\" alt=\"\" class=\"wp-image-2350\" width=\"582\" height=\"386\" srcset=\"https:\/\/bedeker.waw.pl\/wp-content\/uploads\/2020\/04\/AVIA03-1024x681.jpg 1024w, https:\/\/bedeker.waw.pl\/wp-content\/uploads\/2020\/04\/AVIA03-300x199.jpg 300w, https:\/\/bedeker.waw.pl\/wp-content\/uploads\/2020\/04\/AVIA03-768x510.jpg 768w, https:\/\/bedeker.waw.pl\/wp-content\/uploads\/2020\/04\/AVIA03.jpg 1500w\" sizes=\"(max-width: 582px) 100vw, 582px\" \/><\/a><figcaption>  Fabryka Obrabiarek Precyzyjnych AVIA S.A.<br>fot. Rafa\u0142 Adrian Kraszewski 2020 <\/figcaption><\/figure><\/div>\n\n\n\n<hr class=\"wp-block-separator\" \/>\n\n\n\n<div class=\"wp-block-image\"><figure class=\"aligncenter size-large is-resized\"><a href=\"https:\/\/bedeker.waw.pl\/wp-content\/uploads\/2020\/04\/AVIA04.jpg\"><img decoding=\"async\" loading=\"lazy\" src=\"https:\/\/bedeker.waw.pl\/wp-content\/uploads\/2020\/04\/AVIA04-1024x681.jpg\" alt=\"\" class=\"wp-image-2351\" width=\"580\" height=\"385\" srcset=\"https:\/\/bedeker.waw.pl\/wp-content\/uploads\/2020\/04\/AVIA04-1024x681.jpg 1024w, https:\/\/bedeker.waw.pl\/wp-content\/uploads\/2020\/04\/AVIA04-300x199.jpg 300w, https:\/\/bedeker.waw.pl\/wp-content\/uploads\/2020\/04\/AVIA04-768x510.jpg 768w, https:\/\/bedeker.waw.pl\/wp-content\/uploads\/2020\/04\/AVIA04.jpg 1500w\" sizes=\"(max-width: 580px) 100vw, 580px\" \/><\/a><figcaption>  Fabryka Obrabiarek Precyzyjnych AVIA S.A.<br>fot. Rafa\u0142 Adrian Kraszewski 2020 <\/figcaption><\/figure><\/div>\n\n\n\n<hr class=\"wp-block-separator\" \/>\n\n\n\n<div class=\"wp-block-image\"><figure class=\"aligncenter size-large is-resized\"><a href=\"https:\/\/bedeker.waw.pl\/wp-content\/uploads\/2020\/04\/AVIA05.jpg\"><img decoding=\"async\" loading=\"lazy\" src=\"https:\/\/bedeker.waw.pl\/wp-content\/uploads\/2020\/04\/AVIA05-1024x681.jpg\" alt=\"\" class=\"wp-image-2352\" width=\"580\" height=\"385\" srcset=\"https:\/\/bedeker.waw.pl\/wp-content\/uploads\/2020\/04\/AVIA05-1024x681.jpg 1024w, https:\/\/bedeker.waw.pl\/wp-content\/uploads\/2020\/04\/AVIA05-300x199.jpg 300w, https:\/\/bedeker.waw.pl\/wp-content\/uploads\/2020\/04\/AVIA05-768x510.jpg 768w, https:\/\/bedeker.waw.pl\/wp-content\/uploads\/2020\/04\/AVIA05.jpg 1500w\" sizes=\"(max-width: 580px) 100vw, 580px\" \/><\/a><figcaption>  Fabryka Obrabiarek Precyzyjnych AVIA S.A.<br>fot. Rafa\u0142 Adrian Kraszewski 2020 <\/figcaption><\/figure><\/div>\n\n\n\n<hr class=\"wp-block-separator\" \/>\n\n\n\n<div class=\"wp-block-image\"><figure class=\"aligncenter size-large is-resized\"><a href=\"https:\/\/bedeker.waw.pl\/wp-content\/uploads\/2020\/04\/AVIA06.jpg\"><img decoding=\"async\" loading=\"lazy\" src=\"https:\/\/bedeker.waw.pl\/wp-content\/uploads\/2020\/04\/AVIA06-1024x681.jpg\" alt=\"\" class=\"wp-image-2353\" width=\"580\" height=\"385\" srcset=\"https:\/\/bedeker.waw.pl\/wp-content\/uploads\/2020\/04\/AVIA06-1024x681.jpg 1024w, https:\/\/bedeker.waw.pl\/wp-content\/uploads\/2020\/04\/AVIA06-300x199.jpg 300w, https:\/\/bedeker.waw.pl\/wp-content\/uploads\/2020\/04\/AVIA06-768x510.jpg 768w, https:\/\/bedeker.waw.pl\/wp-content\/uploads\/2020\/04\/AVIA06.jpg 1500w\" sizes=\"(max-width: 580px) 100vw, 580px\" \/><\/a><figcaption>  Fabryka Obrabiarek Precyzyjnych AVIA S.A.<br>fot. Rafa\u0142 Adrian Kraszewski 2020 <\/figcaption><\/figure><\/div>\n\n\n\n<hr class=\"wp-block-separator\" \/>\n\n\n\n<div class=\"wp-block-image\"><figure class=\"aligncenter size-large is-resized\"><a href=\"https:\/\/bedeker.waw.pl\/wp-content\/uploads\/2020\/04\/AVIA07.jpg\"><img decoding=\"async\" loading=\"lazy\" src=\"https:\/\/bedeker.waw.pl\/wp-content\/uploads\/2020\/04\/AVIA07-1024x681.jpg\" alt=\"\" class=\"wp-image-2354\" width=\"580\" height=\"385\" srcset=\"https:\/\/bedeker.waw.pl\/wp-content\/uploads\/2020\/04\/AVIA07-1024x681.jpg 1024w, https:\/\/bedeker.waw.pl\/wp-content\/uploads\/2020\/04\/AVIA07-300x199.jpg 300w, https:\/\/bedeker.waw.pl\/wp-content\/uploads\/2020\/04\/AVIA07-768x510.jpg 768w, https:\/\/bedeker.waw.pl\/wp-content\/uploads\/2020\/04\/AVIA07.jpg 1500w\" sizes=\"(max-width: 580px) 100vw, 580px\" \/><\/a><figcaption>  Fabryka Obrabiarek Precyzyjnych AVIA S.A.<br>fot. Rafa\u0142 Adrian Kraszewski 2020 <\/figcaption><\/figure><\/div>\n\n\n\n<hr class=\"wp-block-separator\" \/>\n\n\n\n<div class=\"wp-block-image\"><figure class=\"aligncenter size-large is-resized\"><a href=\"https:\/\/bedeker.waw.pl\/wp-content\/uploads\/2020\/04\/AVIA08.jpg\"><img decoding=\"async\" loading=\"lazy\" src=\"https:\/\/bedeker.waw.pl\/wp-content\/uploads\/2020\/04\/AVIA08-1024x681.jpg\" alt=\"\" class=\"wp-image-2355\" width=\"580\" height=\"385\" srcset=\"https:\/\/bedeker.waw.pl\/wp-content\/uploads\/2020\/04\/AVIA08-1024x681.jpg 1024w, https:\/\/bedeker.waw.pl\/wp-content\/uploads\/2020\/04\/AVIA08-300x199.jpg 300w, https:\/\/bedeker.waw.pl\/wp-content\/uploads\/2020\/04\/AVIA08-768x510.jpg 768w, https:\/\/bedeker.waw.pl\/wp-content\/uploads\/2020\/04\/AVIA08.jpg 1500w\" sizes=\"(max-width: 580px) 100vw, 580px\" \/><\/a><figcaption>  Fabryka Obrabiarek Precyzyjnych AVIA S.A.<br>fot. Rafa\u0142 Adrian Kraszewski 2020 <\/figcaption><\/figure><\/div>\n\n\n\n<hr class=\"wp-block-separator\" \/>\n\n\n\n<div class=\"wp-block-image\"><figure class=\"aligncenter size-large is-resized\"><a href=\"https:\/\/bedeker.waw.pl\/wp-content\/uploads\/2020\/04\/AVIA09.jpg\"><img decoding=\"async\" loading=\"lazy\" src=\"https:\/\/bedeker.waw.pl\/wp-content\/uploads\/2020\/04\/AVIA09-1024x681.jpg\" alt=\"\" class=\"wp-image-2356\" width=\"580\" height=\"385\" srcset=\"https:\/\/bedeker.waw.pl\/wp-content\/uploads\/2020\/04\/AVIA09-1024x681.jpg 1024w, https:\/\/bedeker.waw.pl\/wp-content\/uploads\/2020\/04\/AVIA09-300x199.jpg 300w, https:\/\/bedeker.waw.pl\/wp-content\/uploads\/2020\/04\/AVIA09-768x510.jpg 768w, https:\/\/bedeker.waw.pl\/wp-content\/uploads\/2020\/04\/AVIA09.jpg 1500w\" sizes=\"(max-width: 580px) 100vw, 580px\" \/><\/a><figcaption>  Fabryka Obrabiarek Precyzyjnych AVIA S.A.<br>fot. Rafa\u0142 Adrian Kraszewski 2020 <\/figcaption><\/figure><\/div>\n\n\n\n<hr class=\"wp-block-separator\" \/>\n\n\n\n<div class=\"wp-block-image\"><figure class=\"aligncenter size-large is-resized\"><a href=\"https:\/\/bedeker.waw.pl\/wp-content\/uploads\/2020\/04\/AVIA10.jpg\"><img decoding=\"async\" loading=\"lazy\" src=\"https:\/\/bedeker.waw.pl\/wp-content\/uploads\/2020\/04\/AVIA10-1024x681.jpg\" alt=\"\" class=\"wp-image-2357\" width=\"582\" height=\"386\" srcset=\"https:\/\/bedeker.waw.pl\/wp-content\/uploads\/2020\/04\/AVIA10-1024x681.jpg 1024w, https:\/\/bedeker.waw.pl\/wp-content\/uploads\/2020\/04\/AVIA10-300x199.jpg 300w, https:\/\/bedeker.waw.pl\/wp-content\/uploads\/2020\/04\/AVIA10-768x510.jpg 768w, https:\/\/bedeker.waw.pl\/wp-content\/uploads\/2020\/04\/AVIA10.jpg 1500w\" sizes=\"(max-width: 582px) 100vw, 582px\" \/><\/a><figcaption>  Fabryka Obrabiarek Precyzyjnych AVIA S.A.<br>fot. Rafa\u0142 Adrian Kraszewski 2020 <\/figcaption><\/figure><\/div>\n\n\n\n<hr class=\"wp-block-separator\" \/>\n\n\n\n<div class=\"wp-block-image\"><figure class=\"aligncenter size-large is-resized\"><a href=\"https:\/\/bedeker.waw.pl\/wp-content\/uploads\/2020\/04\/AVIA11.jpg\"><img decoding=\"async\" loading=\"lazy\" src=\"https:\/\/bedeker.waw.pl\/wp-content\/uploads\/2020\/04\/AVIA11-1024x681.jpg\" alt=\"\" class=\"wp-image-2358\" width=\"580\" height=\"385\" srcset=\"https:\/\/bedeker.waw.pl\/wp-content\/uploads\/2020\/04\/AVIA11-1024x681.jpg 1024w, https:\/\/bedeker.waw.pl\/wp-content\/uploads\/2020\/04\/AVIA11-300x199.jpg 300w, https:\/\/bedeker.waw.pl\/wp-content\/uploads\/2020\/04\/AVIA11-768x510.jpg 768w, https:\/\/bedeker.waw.pl\/wp-content\/uploads\/2020\/04\/AVIA11.jpg 1500w\" sizes=\"(max-width: 580px) 100vw, 580px\" \/><\/a><figcaption>  Fabryka Obrabiarek Precyzyjnych AVIA S.A.<br>fot. Rafa\u0142 Adrian Kraszewski 2020 <\/figcaption><\/figure><\/div>\n\n\n\n<hr class=\"wp-block-separator\" \/>\n\n\n\n<div class=\"wp-block-image\"><figure class=\"aligncenter size-large is-resized\"><a href=\"https:\/\/bedeker.waw.pl\/wp-content\/uploads\/2020\/04\/AVIA12.jpg\"><img decoding=\"async\" loading=\"lazy\" src=\"https:\/\/bedeker.waw.pl\/wp-content\/uploads\/2020\/04\/AVIA12-1024x681.jpg\" alt=\"\" class=\"wp-image-2359\" width=\"582\" height=\"386\" srcset=\"https:\/\/bedeker.waw.pl\/wp-content\/uploads\/2020\/04\/AVIA12-1024x681.jpg 1024w, https:\/\/bedeker.waw.pl\/wp-content\/uploads\/2020\/04\/AVIA12-300x199.jpg 300w, https:\/\/bedeker.waw.pl\/wp-content\/uploads\/2020\/04\/AVIA12-768x510.jpg 768w, https:\/\/bedeker.waw.pl\/wp-content\/uploads\/2020\/04\/AVIA12.jpg 1500w\" sizes=\"(max-width: 582px) 100vw, 582px\" \/><\/a><figcaption>  Fabryka Obrabiarek Precyzyjnych AVIA S.A.<br>fot. Rafa\u0142 Adrian Kraszewski 2020 <\/figcaption><\/figure><\/div>\n\n\n\n<hr class=\"wp-block-separator\" \/>\n\n\n\n<div class=\"wp-block-image\"><figure class=\"aligncenter size-large is-resized\"><a href=\"https:\/\/bedeker.waw.pl\/wp-content\/uploads\/2020\/04\/AVIA13.jpg\"><img decoding=\"async\" loading=\"lazy\" src=\"https:\/\/bedeker.waw.pl\/wp-content\/uploads\/2020\/04\/AVIA13-1024x681.jpg\" alt=\"\" class=\"wp-image-2360\" width=\"580\" height=\"385\" srcset=\"https:\/\/bedeker.waw.pl\/wp-content\/uploads\/2020\/04\/AVIA13-1024x681.jpg 1024w, https:\/\/bedeker.waw.pl\/wp-content\/uploads\/2020\/04\/AVIA13-300x199.jpg 300w, https:\/\/bedeker.waw.pl\/wp-content\/uploads\/2020\/04\/AVIA13-768x510.jpg 768w, https:\/\/bedeker.waw.pl\/wp-content\/uploads\/2020\/04\/AVIA13.jpg 1500w\" sizes=\"(max-width: 580px) 100vw, 580px\" \/><\/a><figcaption>  Fabryka Obrabiarek Precyzyjnych AVIA S.A.<br>fot. Rafa\u0142 Adrian Kraszewski 2020 <\/figcaption><\/figure><\/div>\n\n\n\n<hr class=\"wp-block-separator\" \/>\n\n\n\n<div class=\"wp-block-image\"><figure class=\"aligncenter size-large is-resized\"><a href=\"https:\/\/bedeker.waw.pl\/wp-content\/uploads\/2020\/04\/AVIA14.jpg\"><img decoding=\"async\" loading=\"lazy\" src=\"https:\/\/bedeker.waw.pl\/wp-content\/uploads\/2020\/04\/AVIA14-1024x681.jpg\" alt=\"\" class=\"wp-image-2361\" width=\"580\" height=\"385\" srcset=\"https:\/\/bedeker.waw.pl\/wp-content\/uploads\/2020\/04\/AVIA14-1024x681.jpg 1024w, https:\/\/bedeker.waw.pl\/wp-content\/uploads\/2020\/04\/AVIA14-300x199.jpg 300w, https:\/\/bedeker.waw.pl\/wp-content\/uploads\/2020\/04\/AVIA14-768x510.jpg 768w, https:\/\/bedeker.waw.pl\/wp-content\/uploads\/2020\/04\/AVIA14.jpg 1500w\" sizes=\"(max-width: 580px) 100vw, 580px\" \/><\/a><figcaption>  Fabryka Obrabiarek Precyzyjnych AVIA S.A.<br>fot. Rafa\u0142 Adrian Kraszewski 2020 <\/figcaption><\/figure><\/div>\n\n\n\n<hr class=\"wp-block-separator\" \/>\n\n\n\n<div class=\"wp-block-image\"><figure class=\"aligncenter size-large is-resized\"><a href=\"https:\/\/bedeker.waw.pl\/wp-content\/uploads\/2020\/04\/AVIA15.jpg\"><img decoding=\"async\" loading=\"lazy\" src=\"https:\/\/bedeker.waw.pl\/wp-content\/uploads\/2020\/04\/AVIA15-1024x681.jpg\" alt=\"\" class=\"wp-image-2362\" width=\"580\" height=\"385\" srcset=\"https:\/\/bedeker.waw.pl\/wp-content\/uploads\/2020\/04\/AVIA15-1024x681.jpg 1024w, https:\/\/bedeker.waw.pl\/wp-content\/uploads\/2020\/04\/AVIA15-300x199.jpg 300w, https:\/\/bedeker.waw.pl\/wp-content\/uploads\/2020\/04\/AVIA15-768x510.jpg 768w, https:\/\/bedeker.waw.pl\/wp-content\/uploads\/2020\/04\/AVIA15.jpg 1500w\" sizes=\"(max-width: 580px) 100vw, 580px\" \/><\/a><figcaption>  Fabryka Obrabiarek Precyzyjnych AVIA S.A.<br>fot. Rafa\u0142 Adrian Kraszewski 2020 <\/figcaption><\/figure><\/div>\n\n\n\n<hr class=\"wp-block-separator\" \/>\n\n\n\n<p class=\"has-text-color has-text-align-center has-normal-font-size has-vivid-red-color\"><strong>Zdj\u0119cia udost\u0119pnione w niniejszej galerii s\u0105 obj\u0119te prawami autorskimi. Kopiowanie, edytowanie i publikowanie w jakiejkolwiek formie bez zgody autora jest zabronione. <\/strong>  <\/p>\n","protected":false},"excerpt":{"rendered":"<p>Galeria zdj\u0119\u0107 Rafa\u0142a Adriana Kraszewskiego. Zdj\u0119cia udost\u0119pnione w niniejszej galerii s\u0105 obj\u0119te prawami autorskimi. Kopiowanie, edytowanie i publikowanie w jakiejkolwiek formie bez zgody autora jest zabronione.<\/p>\n","protected":false},"author":2,"featured_media":2353,"comment_status":"closed","ping_status":"open","sticky":false,"template":"","format":"standard","meta":[],"categories":[8,17],"tags":[],"_links":{"self":[{"href":"https:\/\/bedeker.waw.pl\/index.php\/wp-json\/wp\/v2\/posts\/2344"}],"collection":[{"href":"https:\/\/bedeker.waw.pl\/index.php\/wp-json\/wp\/v2\/posts"}],"about":[{"href":"https:\/\/bedeker.waw.pl\/index.php\/wp-json\/wp\/v2\/types\/post"}],"author":[{"embeddable":true,"href":"https:\/\/bedeker.waw.pl\/index.php\/wp-json\/wp\/v2\/users\/2"}],"replies":[{"embeddable":true,"href":"https:\/\/bedeker.waw.pl\/index.php\/wp-json\/wp\/v2\/comments?post=2344"}],"version-history":[{"count":0,"href":"https:\/\/bedeker.waw.pl\/index.php\/wp-json\/wp\/v2\/posts\/2344\/revisions"}],"wp:featuredmedia":[{"embeddable":true,"href":"https:\/\/bedeker.waw.pl\/index.php\/wp-json\/wp\/v2\/media\/2353"}],"wp:attachment":[{"href":"https:\/\/bedeker.waw.pl\/index.php\/wp-json\/wp\/v2\/media?parent=2344"}],"wp:term":[{"taxonomy":"category","embeddable":true,"href":"https:\/\/bedeker.waw.pl\/index.php\/wp-json\/wp\/v2\/categories?post=2344"},{"taxonomy":"post_tag","embeddable":true,"href":"https:\/\/bedeker.waw.pl\/index.php\/wp-json\/wp\/v2\/tags?post=2344"}],"curies":[{"name":"wp","href":"https:\/\/api.w.org\/{rel}","templated":true}]}}