{"id":1604,"date":"2019-12-15T20:25:33","date_gmt":"2019-12-15T19:25:33","guid":{"rendered":"https:\/\/bedeker.waw.pl\/?p=1604"},"modified":"2021-02-09T13:46:27","modified_gmt":"2021-02-09T12:46:27","slug":"mural-warszawa","status":"publish","type":"post","link":"https:\/\/bedeker.waw.pl\/index.php\/2019\/12\/15\/mural-warszawa\/","title":{"rendered":"Mural &#8222;Warszawa&#8221;"},"content":{"rendered":"\n<p class=\"has-text-color has-vivid-red-color\"><strong>MURAL NIE ISTNIEJE<\/strong><\/p>\n\n\n\n<div class=\"wp-block-image\"><figure class=\"aligncenter size-large is-resized\"><a href=\"https:\/\/bedeker.waw.pl\/wp-content\/uploads\/2019\/12\/Mural_\u0141ochowska_31_3.jpg\"><img decoding=\"async\" loading=\"lazy\" src=\"https:\/\/bedeker.waw.pl\/wp-content\/uploads\/2019\/12\/Mural_\u0141ochowska_31_3-1024x681.jpg\" alt=\"\" class=\"wp-image-1608\" width=\"580\" height=\"385\" srcset=\"https:\/\/bedeker.waw.pl\/wp-content\/uploads\/2019\/12\/Mural_\u0141ochowska_31_3-1024x681.jpg 1024w, https:\/\/bedeker.waw.pl\/wp-content\/uploads\/2019\/12\/Mural_\u0141ochowska_31_3-300x199.jpg 300w, https:\/\/bedeker.waw.pl\/wp-content\/uploads\/2019\/12\/Mural_\u0141ochowska_31_3-768x511.jpg 768w, https:\/\/bedeker.waw.pl\/wp-content\/uploads\/2019\/12\/Mural_\u0141ochowska_31_3-1536x1021.jpg 1536w, https:\/\/bedeker.waw.pl\/wp-content\/uploads\/2019\/12\/Mural_\u0141ochowska_31_3-2048x1362.jpg 2048w\" sizes=\"(max-width: 580px) 100vw, 580px\" \/><\/a><figcaption> Mural &#8222;Warszawa&#8221;<br>fot. Rafa\u0142 Adrian Kraszewski 2019<\/figcaption><\/figure><\/div>\n\n\n\n<hr class=\"wp-block-separator\"\/>\n\n\n\n<p class=\"has-medium-font-size\">Na elewacji kamienicy przy ul. \u0141ochowskiej 31 w Warszawie  mo\u017cemy  zobaczy\u0107 mural &#8222;Warszawa&#8221;, kt\u00f3ry zosta\u0142 namalowany w 2011 roku. <\/p>\n\n\n\n<hr class=\"wp-block-separator\"\/>\n\n\n\n<div class=\"wp-block-image\"><figure class=\"aligncenter size-large is-resized\"><a href=\"https:\/\/bedeker.waw.pl\/wp-content\/uploads\/2019\/12\/Mural_\u0141ochowska31_1.jpg\"><img decoding=\"async\" loading=\"lazy\" src=\"https:\/\/bedeker.waw.pl\/wp-content\/uploads\/2019\/12\/Mural_\u0141ochowska31_1.jpg\" alt=\"\" class=\"wp-image-1605\" width=\"422\" height=\"633\" srcset=\"https:\/\/bedeker.waw.pl\/wp-content\/uploads\/2019\/12\/Mural_\u0141ochowska31_1.jpg 640w, https:\/\/bedeker.waw.pl\/wp-content\/uploads\/2019\/12\/Mural_\u0141ochowska31_1-200x300.jpg 200w\" sizes=\"(max-width: 422px) 100vw, 422px\" \/><\/a><figcaption>Mural &#8222;Warszawa&#8221;<br>fot. Rafa\u0142 Adrian Kraszewski 2019<\/figcaption><\/figure><\/div>\n\n\n\n<hr class=\"wp-block-separator\"\/>\n\n\n\n<p class=\"has-medium-font-size\">Autorem  tego oryginalnego dzie\u0142a  na warszawskiej Szmulowi\u017anie jest absolwent  Wydzia\u0142u Grafiki i Malarstwa ASP w \u0141odzi &#8211; Pawe\u0142 Ry\u017cko. Mural powsta\u0142 w  ramach projektu Elevatory i przedstawia nowoczesny wizerunek Syrenki  Warszawskiej. <\/p>\n\n\n\n<hr class=\"wp-block-separator\"\/>\n\n\n\n<div class=\"wp-block-image\"><figure class=\"aligncenter is-resized\"><a href=\"https:\/\/bedeker.waw.pl\/wp-content\/uploads\/2019\/12\/Mural_\u0141ochowska31_2.jpg\"><img decoding=\"async\" loading=\"lazy\" src=\"https:\/\/bedeker.waw.pl\/wp-content\/uploads\/2019\/12\/Mural_\u0141ochowska31_2.jpg\" alt=\"\" class=\"wp-image-1606\" width=\"424\" height=\"636\"\/><\/a><figcaption>  Mural &#8222;Warszawa&#8221;<br>fot. Rafa\u0142 Adrian Kraszewski 2019 <\/figcaption><\/figure><\/div>\n","protected":false},"excerpt":{"rendered":"<p>MURAL NIE ISTNIEJE Na elewacji kamienicy przy ul. \u0141ochowskiej 31 w Warszawie mo\u017cemy zobaczy\u0107 mural &#8222;Warszawa&#8221;, kt\u00f3ry zosta\u0142 namalowany w 2011 roku. Autorem tego oryginalnego dzie\u0142a na warszawskiej Szmulowi\u017anie jest&hellip; <\/p>\n","protected":false},"author":2,"featured_media":1608,"comment_status":"closed","ping_status":"open","sticky":false,"template":"","format":"standard","meta":[],"categories":[15,17],"tags":[],"_links":{"self":[{"href":"https:\/\/bedeker.waw.pl\/index.php\/wp-json\/wp\/v2\/posts\/1604"}],"collection":[{"href":"https:\/\/bedeker.waw.pl\/index.php\/wp-json\/wp\/v2\/posts"}],"about":[{"href":"https:\/\/bedeker.waw.pl\/index.php\/wp-json\/wp\/v2\/types\/post"}],"author":[{"embeddable":true,"href":"https:\/\/bedeker.waw.pl\/index.php\/wp-json\/wp\/v2\/users\/2"}],"replies":[{"embeddable":true,"href":"https:\/\/bedeker.waw.pl\/index.php\/wp-json\/wp\/v2\/comments?post=1604"}],"version-history":[{"count":1,"href":"https:\/\/bedeker.waw.pl\/index.php\/wp-json\/wp\/v2\/posts\/1604\/revisions"}],"predecessor-version":[{"id":2829,"href":"https:\/\/bedeker.waw.pl\/index.php\/wp-json\/wp\/v2\/posts\/1604\/revisions\/2829"}],"wp:featuredmedia":[{"embeddable":true,"href":"https:\/\/bedeker.waw.pl\/index.php\/wp-json\/wp\/v2\/media\/1608"}],"wp:attachment":[{"href":"https:\/\/bedeker.waw.pl\/index.php\/wp-json\/wp\/v2\/media?parent=1604"}],"wp:term":[{"taxonomy":"category","embeddable":true,"href":"https:\/\/bedeker.waw.pl\/index.php\/wp-json\/wp\/v2\/categories?post=1604"},{"taxonomy":"post_tag","embeddable":true,"href":"https:\/\/bedeker.waw.pl\/index.php\/wp-json\/wp\/v2\/tags?post=1604"}],"curies":[{"name":"wp","href":"https:\/\/api.w.org\/{rel}","templated":true}]}}