{"id":1438,"date":"2020-01-26T18:35:00","date_gmt":"2020-01-26T17:35:00","guid":{"rendered":"https:\/\/bedeker.waw.pl\/?p=1438"},"modified":"2020-01-30T19:01:07","modified_gmt":"2020-01-30T18:01:07","slug":"mural-przy-al-solidarnosci-78-takie-pany","status":"publish","type":"post","link":"https:\/\/bedeker.waw.pl\/index.php\/2020\/01\/26\/mural-przy-al-solidarnosci-78-takie-pany\/","title":{"rendered":"Mural przy Al. Solidarno\u015bci 78 (Takie Pany)"},"content":{"rendered":"\n<div class=\"wp-block-image\"><figure class=\"aligncenter size-large is-resized\"><a href=\"https:\/\/bedeker.waw.pl\/wp-content\/uploads\/2019\/12\/Mural_Al_-Solidarno\u015bci_78_2.jpg\"><img decoding=\"async\" loading=\"lazy\" src=\"https:\/\/bedeker.waw.pl\/wp-content\/uploads\/2019\/12\/Mural_Al_-Solidarno\u015bci_78_2-1024x681.jpg\" alt=\"\" class=\"wp-image-1440\" width=\"580\" height=\"385\" srcset=\"https:\/\/bedeker.waw.pl\/wp-content\/uploads\/2019\/12\/Mural_Al_-Solidarno\u015bci_78_2-1024x681.jpg 1024w, https:\/\/bedeker.waw.pl\/wp-content\/uploads\/2019\/12\/Mural_Al_-Solidarno\u015bci_78_2-300x199.jpg 300w, https:\/\/bedeker.waw.pl\/wp-content\/uploads\/2019\/12\/Mural_Al_-Solidarno\u015bci_78_2-768x510.jpg 768w, https:\/\/bedeker.waw.pl\/wp-content\/uploads\/2019\/12\/Mural_Al_-Solidarno\u015bci_78_2.jpg 1500w\" sizes=\"(max-width: 580px) 100vw, 580px\" \/><\/a><figcaption>  Mural &#8211; Al. Solidarno\u015bci 78<br>fot. Rafa\u0142 Adrian Kraszewski 2018 <\/figcaption><\/figure><\/div>\n\n\n\n<hr class=\"wp-block-separator\" \/>\n\n\n\n<p class=\"has-medium-font-size\">W przej\u015bciu budynku przy Al. Solidarno\u015bci 78 znajduje si\u0119 mural  po\u015bwi\u0119cony miejscom i osobom, kt\u00f3re by\u0142y zwi\u0105zane z przedwojenn\u0105 ulic\u0105  Leszno. Mural jest kolejnym dzie\u0142em grupy artyst\u00f3w kryj\u0105cych si\u0119 pod  nazw\u0105 &#8222;Takie Pany&#8221;. <\/p>\n\n\n\n<hr class=\"wp-block-separator\" \/>\n\n\n\n<div class=\"wp-block-image\"><figure class=\"aligncenter size-large is-resized\"><a href=\"https:\/\/bedeker.waw.pl\/wp-content\/uploads\/2019\/12\/Mural_Al_-Solidarno\u015bci_78_1.jpg\"><img decoding=\"async\" loading=\"lazy\" src=\"https:\/\/bedeker.waw.pl\/wp-content\/uploads\/2019\/12\/Mural_Al_-Solidarno\u015bci_78_1-1024x681.jpg\" alt=\"\" class=\"wp-image-1439\" width=\"580\" height=\"385\" srcset=\"https:\/\/bedeker.waw.pl\/wp-content\/uploads\/2019\/12\/Mural_Al_-Solidarno\u015bci_78_1-1024x681.jpg 1024w, https:\/\/bedeker.waw.pl\/wp-content\/uploads\/2019\/12\/Mural_Al_-Solidarno\u015bci_78_1-300x199.jpg 300w, https:\/\/bedeker.waw.pl\/wp-content\/uploads\/2019\/12\/Mural_Al_-Solidarno\u015bci_78_1-768x510.jpg 768w, https:\/\/bedeker.waw.pl\/wp-content\/uploads\/2019\/12\/Mural_Al_-Solidarno\u015bci_78_1.jpg 1500w\" sizes=\"(max-width: 580px) 100vw, 580px\" \/><\/a><figcaption> Mural &#8211; Al. Solidarno\u015bci 78<br>fot. Rafa\u0142 Adrian Kraszewski 2018<\/figcaption><\/figure><\/div>\n\n\n\n<hr class=\"wp-block-separator\" \/>\n\n\n\n<p class=\"has-medium-font-size\">Powsta\u0142 w 2014 roku.  Obok Marka Edelmana i Stefanii  Grodzie\u0144skiej na \u015bcianach mo\u017cemy zobaczy\u0107 Pasa\u017c Simonsa, czy te\u017c Wielk\u0105  Synagog\u0119. Mural przenosi nas w wyobra\u017ani pod Teatr Femina. Na filarach  widniej\u0105 daty zwi\u0105zane z ulic\u0105 Leszno. Jest to kolejna bardzo udana  praca ww. grupy. <\/p>\n\n\n\n<hr class=\"wp-block-separator\" \/>\n\n\n\n<div class=\"wp-block-image\"><figure class=\"aligncenter size-large is-resized\"><a href=\"https:\/\/bedeker.waw.pl\/wp-content\/uploads\/2019\/12\/Mural_Al_-Solidarno\u015bci_78_3.jpg\"><img decoding=\"async\" loading=\"lazy\" src=\"https:\/\/bedeker.waw.pl\/wp-content\/uploads\/2019\/12\/Mural_Al_-Solidarno\u015bci_78_3-1024x681.jpg\" alt=\"\" class=\"wp-image-1441\" width=\"580\" height=\"385\" srcset=\"https:\/\/bedeker.waw.pl\/wp-content\/uploads\/2019\/12\/Mural_Al_-Solidarno\u015bci_78_3-1024x681.jpg 1024w, https:\/\/bedeker.waw.pl\/wp-content\/uploads\/2019\/12\/Mural_Al_-Solidarno\u015bci_78_3-300x199.jpg 300w, https:\/\/bedeker.waw.pl\/wp-content\/uploads\/2019\/12\/Mural_Al_-Solidarno\u015bci_78_3-768x510.jpg 768w, https:\/\/bedeker.waw.pl\/wp-content\/uploads\/2019\/12\/Mural_Al_-Solidarno\u015bci_78_3.jpg 1500w\" sizes=\"(max-width: 580px) 100vw, 580px\" \/><\/a><figcaption>  Mural &#8211; Al. Solidarno\u015bci 78<br>fot. Rafa\u0142 Adrian Kraszewski 2018 <\/figcaption><\/figure><\/div>\n\n\n\n<hr class=\"wp-block-separator\" \/>\n\n\n\n<div class=\"wp-block-image\"><figure class=\"aligncenter size-large is-resized\"><a href=\"https:\/\/bedeker.waw.pl\/wp-content\/uploads\/2019\/12\/Mural_Al_-Solidarno\u015bci_78_4.jpg\"><img decoding=\"async\" loading=\"lazy\" src=\"https:\/\/bedeker.waw.pl\/wp-content\/uploads\/2019\/12\/Mural_Al_-Solidarno\u015bci_78_4-1024x681.jpg\" alt=\"\" class=\"wp-image-1442\" width=\"580\" height=\"385\" srcset=\"https:\/\/bedeker.waw.pl\/wp-content\/uploads\/2019\/12\/Mural_Al_-Solidarno\u015bci_78_4-1024x681.jpg 1024w, https:\/\/bedeker.waw.pl\/wp-content\/uploads\/2019\/12\/Mural_Al_-Solidarno\u015bci_78_4-300x199.jpg 300w, https:\/\/bedeker.waw.pl\/wp-content\/uploads\/2019\/12\/Mural_Al_-Solidarno\u015bci_78_4-768x510.jpg 768w, https:\/\/bedeker.waw.pl\/wp-content\/uploads\/2019\/12\/Mural_Al_-Solidarno\u015bci_78_4.jpg 1500w\" sizes=\"(max-width: 580px) 100vw, 580px\" \/><\/a><figcaption>  Mural &#8211; Al. Solidarno\u015bci 78<br>fot. Rafa\u0142 Adrian Kraszewski 2018 <\/figcaption><\/figure><\/div>\n\n\n\n<hr class=\"wp-block-separator\" \/>\n\n\n\n<div class=\"wp-block-image\"><figure class=\"aligncenter size-large is-resized\"><a href=\"https:\/\/bedeker.waw.pl\/wp-content\/uploads\/2019\/12\/Mural_Al_-Solidarno\u015bci_78_5.jpg\"><img decoding=\"async\" loading=\"lazy\" src=\"https:\/\/bedeker.waw.pl\/wp-content\/uploads\/2019\/12\/Mural_Al_-Solidarno\u015bci_78_5-1024x681.jpg\" alt=\"\" class=\"wp-image-1443\" width=\"580\" height=\"385\" srcset=\"https:\/\/bedeker.waw.pl\/wp-content\/uploads\/2019\/12\/Mural_Al_-Solidarno\u015bci_78_5-1024x681.jpg 1024w, https:\/\/bedeker.waw.pl\/wp-content\/uploads\/2019\/12\/Mural_Al_-Solidarno\u015bci_78_5-300x199.jpg 300w, https:\/\/bedeker.waw.pl\/wp-content\/uploads\/2019\/12\/Mural_Al_-Solidarno\u015bci_78_5-768x510.jpg 768w, https:\/\/bedeker.waw.pl\/wp-content\/uploads\/2019\/12\/Mural_Al_-Solidarno\u015bci_78_5.jpg 1500w\" sizes=\"(max-width: 580px) 100vw, 580px\" \/><\/a><figcaption>  Mural &#8211; Al. Solidarno\u015bci 78<br>fot. Rafa\u0142 Adrian Kraszewski 2018 <\/figcaption><\/figure><\/div>\n\n\n\n<hr class=\"wp-block-separator\" \/>\n\n\n\n<div class=\"wp-block-image\"><figure class=\"aligncenter size-large is-resized\"><a href=\"https:\/\/bedeker.waw.pl\/wp-content\/uploads\/2019\/12\/Mural_Al_-Solidarno\u015bci_78_6.jpg\"><img decoding=\"async\" loading=\"lazy\" src=\"https:\/\/bedeker.waw.pl\/wp-content\/uploads\/2019\/12\/Mural_Al_-Solidarno\u015bci_78_6-1024x681.jpg\" alt=\"\" class=\"wp-image-1444\" width=\"580\" height=\"385\" srcset=\"https:\/\/bedeker.waw.pl\/wp-content\/uploads\/2019\/12\/Mural_Al_-Solidarno\u015bci_78_6-1024x681.jpg 1024w, https:\/\/bedeker.waw.pl\/wp-content\/uploads\/2019\/12\/Mural_Al_-Solidarno\u015bci_78_6-300x199.jpg 300w, https:\/\/bedeker.waw.pl\/wp-content\/uploads\/2019\/12\/Mural_Al_-Solidarno\u015bci_78_6-768x510.jpg 768w, https:\/\/bedeker.waw.pl\/wp-content\/uploads\/2019\/12\/Mural_Al_-Solidarno\u015bci_78_6.jpg 1500w\" sizes=\"(max-width: 580px) 100vw, 580px\" \/><\/a><figcaption>  Mural &#8211; Al. Solidarno\u015bci 78<br>fot. Rafa\u0142 Adrian Kraszewski 2018 <\/figcaption><\/figure><\/div>\n\n\n\n<hr class=\"wp-block-separator\" \/>\n\n\n\n<div class=\"wp-block-image\"><figure class=\"aligncenter size-large is-resized\"><a href=\"https:\/\/bedeker.waw.pl\/wp-content\/uploads\/2019\/12\/Mural_Al_-Solidarno\u015bci_78_7.jpg\"><img decoding=\"async\" loading=\"lazy\" src=\"https:\/\/bedeker.waw.pl\/wp-content\/uploads\/2019\/12\/Mural_Al_-Solidarno\u015bci_78_7-1024x681.jpg\" alt=\"\" class=\"wp-image-1445\" width=\"580\" height=\"385\" srcset=\"https:\/\/bedeker.waw.pl\/wp-content\/uploads\/2019\/12\/Mural_Al_-Solidarno\u015bci_78_7-1024x681.jpg 1024w, https:\/\/bedeker.waw.pl\/wp-content\/uploads\/2019\/12\/Mural_Al_-Solidarno\u015bci_78_7-300x199.jpg 300w, https:\/\/bedeker.waw.pl\/wp-content\/uploads\/2019\/12\/Mural_Al_-Solidarno\u015bci_78_7-768x510.jpg 768w, https:\/\/bedeker.waw.pl\/wp-content\/uploads\/2019\/12\/Mural_Al_-Solidarno\u015bci_78_7.jpg 1500w\" sizes=\"(max-width: 580px) 100vw, 580px\" \/><\/a><figcaption>  Mural &#8211; Al. Solidarno\u015bci 78<br>fot. Rafa\u0142 Adrian Kraszewski 2018 <\/figcaption><\/figure><\/div>\n\n\n\n<hr class=\"wp-block-separator\" \/>\n\n\n\n<div class=\"wp-block-image\"><figure class=\"aligncenter size-large is-resized\"><a href=\"https:\/\/bedeker.waw.pl\/wp-content\/uploads\/2019\/12\/Mural_Al_-Solidarno\u015bci_78_8.jpg\"><img decoding=\"async\" loading=\"lazy\" src=\"https:\/\/bedeker.waw.pl\/wp-content\/uploads\/2019\/12\/Mural_Al_-Solidarno\u015bci_78_8-1024x681.jpg\" alt=\"\" class=\"wp-image-1446\" width=\"582\" height=\"386\" srcset=\"https:\/\/bedeker.waw.pl\/wp-content\/uploads\/2019\/12\/Mural_Al_-Solidarno\u015bci_78_8-1024x681.jpg 1024w, https:\/\/bedeker.waw.pl\/wp-content\/uploads\/2019\/12\/Mural_Al_-Solidarno\u015bci_78_8-300x199.jpg 300w, https:\/\/bedeker.waw.pl\/wp-content\/uploads\/2019\/12\/Mural_Al_-Solidarno\u015bci_78_8-768x510.jpg 768w, https:\/\/bedeker.waw.pl\/wp-content\/uploads\/2019\/12\/Mural_Al_-Solidarno\u015bci_78_8.jpg 1500w\" sizes=\"(max-width: 582px) 100vw, 582px\" \/><\/a><figcaption>  Mural &#8211; Al. Solidarno\u015bci 78<br>fot. Rafa\u0142 Adrian Kraszewski 2018 <\/figcaption><\/figure><\/div>\n\n\n\n<hr class=\"wp-block-separator\" \/>\n\n\n\n<div class=\"wp-block-image\"><figure class=\"aligncenter size-large is-resized\"><a href=\"https:\/\/bedeker.waw.pl\/wp-content\/uploads\/2019\/12\/Mural_Al_-Solidarno\u015bci_78_9.jpg\"><img decoding=\"async\" loading=\"lazy\" src=\"https:\/\/bedeker.waw.pl\/wp-content\/uploads\/2019\/12\/Mural_Al_-Solidarno\u015bci_78_9.jpg\" alt=\"\" class=\"wp-image-1447\" width=\"511\" height=\"768\" srcset=\"https:\/\/bedeker.waw.pl\/wp-content\/uploads\/2019\/12\/Mural_Al_-Solidarno\u015bci_78_9.jpg 638w, https:\/\/bedeker.waw.pl\/wp-content\/uploads\/2019\/12\/Mural_Al_-Solidarno\u015bci_78_9-199x300.jpg 199w\" sizes=\"(max-width: 511px) 100vw, 511px\" \/><\/a><figcaption>  Mural &#8211; Al. Solidarno\u015bci 78<br>fot. Rafa\u0142 Adrian Kraszewski 2018 <\/figcaption><\/figure><\/div>\n\n\n\n<hr class=\"wp-block-separator\" \/>\n\n\n\n<div class=\"wp-block-image\"><figure class=\"aligncenter size-large is-resized\"><a href=\"https:\/\/bedeker.waw.pl\/wp-content\/uploads\/2019\/12\/Mural_Al_-Solidarno\u015bci_78_10.jpg\"><img decoding=\"async\" loading=\"lazy\" src=\"https:\/\/bedeker.waw.pl\/wp-content\/uploads\/2019\/12\/Mural_Al_-Solidarno\u015bci_78_10-1024x681.jpg\" alt=\"\" class=\"wp-image-1448\" width=\"580\" height=\"385\" srcset=\"https:\/\/bedeker.waw.pl\/wp-content\/uploads\/2019\/12\/Mural_Al_-Solidarno\u015bci_78_10-1024x681.jpg 1024w, https:\/\/bedeker.waw.pl\/wp-content\/uploads\/2019\/12\/Mural_Al_-Solidarno\u015bci_78_10-300x199.jpg 300w, https:\/\/bedeker.waw.pl\/wp-content\/uploads\/2019\/12\/Mural_Al_-Solidarno\u015bci_78_10-768x510.jpg 768w, https:\/\/bedeker.waw.pl\/wp-content\/uploads\/2019\/12\/Mural_Al_-Solidarno\u015bci_78_10.jpg 1500w\" sizes=\"(max-width: 580px) 100vw, 580px\" \/><\/a><figcaption>  Mural &#8211; Al. Solidarno\u015bci 78<br>fot. Rafa\u0142 Adrian Kraszewski 2018 <\/figcaption><\/figure><\/div>\n\n\n\n<hr class=\"wp-block-separator\" \/>\n\n\n\n<div class=\"wp-block-image\"><figure class=\"aligncenter size-large is-resized\"><a href=\"https:\/\/bedeker.waw.pl\/wp-content\/uploads\/2019\/12\/Mural_Al_-Solidarno\u015bci_78_11.jpg\"><img decoding=\"async\" loading=\"lazy\" src=\"https:\/\/bedeker.waw.pl\/wp-content\/uploads\/2019\/12\/Mural_Al_-Solidarno\u015bci_78_11-1024x681.jpg\" alt=\"\" class=\"wp-image-1449\" width=\"580\" height=\"385\" srcset=\"https:\/\/bedeker.waw.pl\/wp-content\/uploads\/2019\/12\/Mural_Al_-Solidarno\u015bci_78_11-1024x681.jpg 1024w, https:\/\/bedeker.waw.pl\/wp-content\/uploads\/2019\/12\/Mural_Al_-Solidarno\u015bci_78_11-300x199.jpg 300w, https:\/\/bedeker.waw.pl\/wp-content\/uploads\/2019\/12\/Mural_Al_-Solidarno\u015bci_78_11-768x510.jpg 768w, https:\/\/bedeker.waw.pl\/wp-content\/uploads\/2019\/12\/Mural_Al_-Solidarno\u015bci_78_11.jpg 1500w\" sizes=\"(max-width: 580px) 100vw, 580px\" \/><\/a><figcaption>  Mural &#8211; Al. Solidarno\u015bci 78<br>fot. Rafa\u0142 Adrian Kraszewski 2018 <\/figcaption><\/figure><\/div>\n","protected":false},"excerpt":{"rendered":"<p>W przej\u015bciu budynku przy Al. Solidarno\u015bci 78 znajduje si\u0119 mural po\u015bwi\u0119cony miejscom i osobom, kt\u00f3re by\u0142y zwi\u0105zane z przedwojenn\u0105 ulic\u0105 Leszno. Mural jest kolejnym dzie\u0142em grupy artyst\u00f3w kryj\u0105cych si\u0119 pod&hellip; <\/p>\n","protected":false},"author":2,"featured_media":1444,"comment_status":"closed","ping_status":"open","sticky":false,"template":"","format":"standard","meta":[],"categories":[15],"tags":[],"_links":{"self":[{"href":"https:\/\/bedeker.waw.pl\/index.php\/wp-json\/wp\/v2\/posts\/1438"}],"collection":[{"href":"https:\/\/bedeker.waw.pl\/index.php\/wp-json\/wp\/v2\/posts"}],"about":[{"href":"https:\/\/bedeker.waw.pl\/index.php\/wp-json\/wp\/v2\/types\/post"}],"author":[{"embeddable":true,"href":"https:\/\/bedeker.waw.pl\/index.php\/wp-json\/wp\/v2\/users\/2"}],"replies":[{"embeddable":true,"href":"https:\/\/bedeker.waw.pl\/index.php\/wp-json\/wp\/v2\/comments?post=1438"}],"version-history":[{"count":0,"href":"https:\/\/bedeker.waw.pl\/index.php\/wp-json\/wp\/v2\/posts\/1438\/revisions"}],"wp:featuredmedia":[{"embeddable":true,"href":"https:\/\/bedeker.waw.pl\/index.php\/wp-json\/wp\/v2\/media\/1444"}],"wp:attachment":[{"href":"https:\/\/bedeker.waw.pl\/index.php\/wp-json\/wp\/v2\/media?parent=1438"}],"wp:term":[{"taxonomy":"category","embeddable":true,"href":"https:\/\/bedeker.waw.pl\/index.php\/wp-json\/wp\/v2\/categories?post=1438"},{"taxonomy":"post_tag","embeddable":true,"href":"https:\/\/bedeker.waw.pl\/index.php\/wp-json\/wp\/v2\/tags?post=1438"}],"curies":[{"name":"wp","href":"https:\/\/api.w.org\/{rel}","templated":true}]}}