{"id":1425,"date":"2019-12-15T19:29:40","date_gmt":"2019-12-15T18:29:40","guid":{"rendered":"https:\/\/bedeker.waw.pl\/?p=1425"},"modified":"2019-12-15T20:06:54","modified_gmt":"2019-12-15T19:06:54","slug":"mural-w-bramie-kamienicy-przy-ul-nowolipki-4-w-warszawie","status":"publish","type":"post","link":"https:\/\/bedeker.waw.pl\/index.php\/2019\/12\/15\/mural-w-bramie-kamienicy-przy-ul-nowolipki-4-w-warszawie\/","title":{"rendered":"Mural w bramie kamienicy przy ul. Nowolipki 4  w Warszawie"},"content":{"rendered":"\n<div class=\"wp-block-image\"><figure class=\"aligncenter size-large is-resized\"><a href=\"https:\/\/bedeker.waw.pl\/wp-content\/uploads\/2019\/12\/Mural_Nowolipki4_1.jpg\"><img decoding=\"async\" loading=\"lazy\" src=\"https:\/\/bedeker.waw.pl\/wp-content\/uploads\/2019\/12\/Mural_Nowolipki4_1-1024x681.jpg\" alt=\"\" class=\"wp-image-1426\" width=\"580\" height=\"385\" srcset=\"https:\/\/bedeker.waw.pl\/wp-content\/uploads\/2019\/12\/Mural_Nowolipki4_1-1024x681.jpg 1024w, https:\/\/bedeker.waw.pl\/wp-content\/uploads\/2019\/12\/Mural_Nowolipki4_1-300x199.jpg 300w, https:\/\/bedeker.waw.pl\/wp-content\/uploads\/2019\/12\/Mural_Nowolipki4_1-768x510.jpg 768w, https:\/\/bedeker.waw.pl\/wp-content\/uploads\/2019\/12\/Mural_Nowolipki4_1.jpg 1500w\" sizes=\"(max-width: 580px) 100vw, 580px\" \/><\/a><figcaption> Mural &#8211; ul. Nowolipki 4<br>fot. Rafa\u0142 Adrian Kraszewski 2018<\/figcaption><\/figure><\/div>\n\n\n\n<hr class=\"wp-block-separator\" \/>\n\n\n\n<p class=\"has-medium-font-size\">15 grudnia obchodzimy Dzie\u0144 Zamenhofa oraz \u015awiatowy Dzie\u0144 Esperanto. <\/p>\n\n\n\n<hr class=\"wp-block-separator\" \/>\n\n\n\n<div class=\"wp-block-image\"><figure class=\"aligncenter size-large is-resized\"><a href=\"https:\/\/bedeker.waw.pl\/wp-content\/uploads\/2019\/12\/Mural_Nowolipki4_2.jpg\"><img decoding=\"async\" loading=\"lazy\" src=\"https:\/\/bedeker.waw.pl\/wp-content\/uploads\/2019\/12\/Mural_Nowolipki4_2-1024x681.jpg\" alt=\"\" class=\"wp-image-1427\" width=\"580\" height=\"385\" srcset=\"https:\/\/bedeker.waw.pl\/wp-content\/uploads\/2019\/12\/Mural_Nowolipki4_2-1024x681.jpg 1024w, https:\/\/bedeker.waw.pl\/wp-content\/uploads\/2019\/12\/Mural_Nowolipki4_2-300x199.jpg 300w, https:\/\/bedeker.waw.pl\/wp-content\/uploads\/2019\/12\/Mural_Nowolipki4_2-768x510.jpg 768w, https:\/\/bedeker.waw.pl\/wp-content\/uploads\/2019\/12\/Mural_Nowolipki4_2.jpg 1500w\" sizes=\"(max-width: 580px) 100vw, 580px\" \/><\/a><figcaption> Mural &#8211; ul. Nowolipki 4<br>fot. Rafa\u0142 Adrian Kraszewski 2018<\/figcaption><\/figure><\/div>\n\n\n\n<hr class=\"wp-block-separator\" \/>\n\n\n\n<p class=\"has-medium-font-size\">Mural w bramie kamienicy przy ul. Nowolipki 4  w Warszawie zosta\u0142  po\u015bwi\u0119cony j\u0119zykowi esperanto i jego tw\u00f3rcy &#8211; Ludwikowi Zamenhofowi.  <\/p>\n\n\n\n<hr class=\"wp-block-separator\" \/>\n\n\n\n<div class=\"wp-block-image\"><figure class=\"aligncenter size-large is-resized\"><a href=\"https:\/\/bedeker.waw.pl\/wp-content\/uploads\/2019\/12\/Mural_Nowolipki4_3.jpg\"><img decoding=\"async\" loading=\"lazy\" src=\"https:\/\/bedeker.waw.pl\/wp-content\/uploads\/2019\/12\/Mural_Nowolipki4_3-1024x683.jpg\" alt=\"\" class=\"wp-image-1428\" width=\"580\" height=\"386\" srcset=\"https:\/\/bedeker.waw.pl\/wp-content\/uploads\/2019\/12\/Mural_Nowolipki4_3-1024x683.jpg 1024w, https:\/\/bedeker.waw.pl\/wp-content\/uploads\/2019\/12\/Mural_Nowolipki4_3-300x200.jpg 300w, https:\/\/bedeker.waw.pl\/wp-content\/uploads\/2019\/12\/Mural_Nowolipki4_3-768x512.jpg 768w, https:\/\/bedeker.waw.pl\/wp-content\/uploads\/2019\/12\/Mural_Nowolipki4_3.jpg 1500w\" sizes=\"(max-width: 580px) 100vw, 580px\" \/><\/a><figcaption> Mural &#8211; ul. Nowolipki 4<br>fot. Rafa\u0142 Adrian Kraszewski 2018<\/figcaption><\/figure><\/div>\n\n\n\n<hr class=\"wp-block-separator\" \/>\n\n\n\n<p class=\"has-medium-font-size\">Mural zosta\u0142 namalowany w 2011 roku. Autorami tego dzie\u0142a s\u0105 Anna  Ko\u017abiel i Adam Walas. Dwa lata p\u00f3\u017aniej, podczas remontu elewacji,  po\u0142o\u017cono na nim tynk. Mural  zosta\u0142 odtworzony w 2013 roku. <\/p>\n\n\n\n<hr class=\"wp-block-separator\" \/>\n\n\n\n<div class=\"wp-block-image\"><figure class=\"aligncenter size-large is-resized\"><a href=\"https:\/\/bedeker.waw.pl\/wp-content\/uploads\/2019\/12\/Mural_Nowolipki4_4.jpg\"><img decoding=\"async\" loading=\"lazy\" src=\"https:\/\/bedeker.waw.pl\/wp-content\/uploads\/2019\/12\/Mural_Nowolipki4_4.jpg\" alt=\"\" class=\"wp-image-1429\" width=\"421\" height=\"632\" srcset=\"https:\/\/bedeker.waw.pl\/wp-content\/uploads\/2019\/12\/Mural_Nowolipki4_4.jpg 638w, https:\/\/bedeker.waw.pl\/wp-content\/uploads\/2019\/12\/Mural_Nowolipki4_4-199x300.jpg 199w\" sizes=\"(max-width: 421px) 100vw, 421px\" \/><\/a><figcaption> Mural &#8211; ul. Nowolipki 4<br>fot. Rafa\u0142 Adrian Kraszewski 2018<\/figcaption><\/figure><\/div>\n\n\n\n<hr class=\"wp-block-separator\" \/>\n\n\n\n<div class=\"wp-block-image\"><figure class=\"aligncenter size-large is-resized\"><a href=\"https:\/\/bedeker.waw.pl\/wp-content\/uploads\/2019\/12\/Mural_Nowolipki4_5.jpg\"><img decoding=\"async\" loading=\"lazy\" src=\"https:\/\/bedeker.waw.pl\/wp-content\/uploads\/2019\/12\/Mural_Nowolipki4_5-1024x681.jpg\" alt=\"\" class=\"wp-image-1430\" width=\"580\" height=\"385\" srcset=\"https:\/\/bedeker.waw.pl\/wp-content\/uploads\/2019\/12\/Mural_Nowolipki4_5-1024x681.jpg 1024w, https:\/\/bedeker.waw.pl\/wp-content\/uploads\/2019\/12\/Mural_Nowolipki4_5-300x199.jpg 300w, https:\/\/bedeker.waw.pl\/wp-content\/uploads\/2019\/12\/Mural_Nowolipki4_5-768x510.jpg 768w, https:\/\/bedeker.waw.pl\/wp-content\/uploads\/2019\/12\/Mural_Nowolipki4_5.jpg 1500w\" sizes=\"(max-width: 580px) 100vw, 580px\" \/><\/a><figcaption> Mural &#8211; ul. Nowolipki 4<br>fot. Rafa\u0142 Adrian Kraszewski 2018<\/figcaption><\/figure><\/div>\n\n\n\n<hr class=\"wp-block-separator\" \/>\n\n\n\n<div class=\"wp-block-image\"><figure class=\"aligncenter size-large is-resized\"><a href=\"https:\/\/bedeker.waw.pl\/wp-content\/uploads\/2019\/12\/Mural_Nowolipki4_6.jpg\"><img decoding=\"async\" loading=\"lazy\" src=\"https:\/\/bedeker.waw.pl\/wp-content\/uploads\/2019\/12\/Mural_Nowolipki4_6-1024x681.jpg\" alt=\"\" class=\"wp-image-1431\" width=\"580\" height=\"385\" srcset=\"https:\/\/bedeker.waw.pl\/wp-content\/uploads\/2019\/12\/Mural_Nowolipki4_6-1024x681.jpg 1024w, https:\/\/bedeker.waw.pl\/wp-content\/uploads\/2019\/12\/Mural_Nowolipki4_6-300x199.jpg 300w, https:\/\/bedeker.waw.pl\/wp-content\/uploads\/2019\/12\/Mural_Nowolipki4_6-768x510.jpg 768w, https:\/\/bedeker.waw.pl\/wp-content\/uploads\/2019\/12\/Mural_Nowolipki4_6.jpg 1500w\" sizes=\"(max-width: 580px) 100vw, 580px\" \/><\/a><figcaption> Mural &#8211; ul. Nowolipki 4<br>fot. Rafa\u0142 Adrian Kraszewski 2018<\/figcaption><\/figure><\/div>\n\n\n\n<hr class=\"wp-block-separator\" \/>\n\n\n\n<div class=\"wp-block-image\"><figure class=\"aligncenter size-large is-resized\"><a href=\"https:\/\/bedeker.waw.pl\/wp-content\/uploads\/2019\/12\/Mural_Nowolipki4_7.jpg\"><img decoding=\"async\" loading=\"lazy\" src=\"https:\/\/bedeker.waw.pl\/wp-content\/uploads\/2019\/12\/Mural_Nowolipki4_7-1024x681.jpg\" alt=\"\" class=\"wp-image-1432\" width=\"580\" height=\"385\" srcset=\"https:\/\/bedeker.waw.pl\/wp-content\/uploads\/2019\/12\/Mural_Nowolipki4_7-1024x681.jpg 1024w, https:\/\/bedeker.waw.pl\/wp-content\/uploads\/2019\/12\/Mural_Nowolipki4_7-300x199.jpg 300w, https:\/\/bedeker.waw.pl\/wp-content\/uploads\/2019\/12\/Mural_Nowolipki4_7-768x510.jpg 768w, https:\/\/bedeker.waw.pl\/wp-content\/uploads\/2019\/12\/Mural_Nowolipki4_7.jpg 1500w\" sizes=\"(max-width: 580px) 100vw, 580px\" \/><\/a><figcaption> Mural &#8211; ul. Nowolipki 4<br>fot. Rafa\u0142 Adrian Kraszewski 2018<\/figcaption><\/figure><\/div>\n\n\n\n<hr class=\"wp-block-separator\" \/>\n\n\n\n<div class=\"wp-block-image\"><figure class=\"aligncenter size-large is-resized\"><a href=\"https:\/\/bedeker.waw.pl\/wp-content\/uploads\/2019\/12\/Mural_Nowolipki4_8.jpg\"><img decoding=\"async\" loading=\"lazy\" src=\"https:\/\/bedeker.waw.pl\/wp-content\/uploads\/2019\/12\/Mural_Nowolipki4_8-1024x681.jpg\" alt=\"\" class=\"wp-image-1433\" width=\"580\" height=\"385\" srcset=\"https:\/\/bedeker.waw.pl\/wp-content\/uploads\/2019\/12\/Mural_Nowolipki4_8-1024x681.jpg 1024w, https:\/\/bedeker.waw.pl\/wp-content\/uploads\/2019\/12\/Mural_Nowolipki4_8-300x199.jpg 300w, https:\/\/bedeker.waw.pl\/wp-content\/uploads\/2019\/12\/Mural_Nowolipki4_8-768x510.jpg 768w, https:\/\/bedeker.waw.pl\/wp-content\/uploads\/2019\/12\/Mural_Nowolipki4_8.jpg 1500w\" sizes=\"(max-width: 580px) 100vw, 580px\" \/><\/a><figcaption> Mural &#8211; ul. Nowolipki 4<br>fot. Rafa\u0142 Adrian Kraszewski 2018<\/figcaption><\/figure><\/div>\n","protected":false},"excerpt":{"rendered":"<p>15 grudnia obchodzimy Dzie\u0144 Zamenhofa oraz \u015awiatowy Dzie\u0144 Esperanto. Mural w bramie kamienicy przy ul. Nowolipki 4 w Warszawie zosta\u0142 po\u015bwi\u0119cony j\u0119zykowi esperanto i jego tw\u00f3rcy &#8211; Ludwikowi Zamenhofowi. Mural&hellip; <\/p>\n","protected":false},"author":2,"featured_media":1426,"comment_status":"closed","ping_status":"open","sticky":false,"template":"","format":"standard","meta":[],"categories":[15],"tags":[],"_links":{"self":[{"href":"https:\/\/bedeker.waw.pl\/index.php\/wp-json\/wp\/v2\/posts\/1425"}],"collection":[{"href":"https:\/\/bedeker.waw.pl\/index.php\/wp-json\/wp\/v2\/posts"}],"about":[{"href":"https:\/\/bedeker.waw.pl\/index.php\/wp-json\/wp\/v2\/types\/post"}],"author":[{"embeddable":true,"href":"https:\/\/bedeker.waw.pl\/index.php\/wp-json\/wp\/v2\/users\/2"}],"replies":[{"embeddable":true,"href":"https:\/\/bedeker.waw.pl\/index.php\/wp-json\/wp\/v2\/comments?post=1425"}],"version-history":[{"count":0,"href":"https:\/\/bedeker.waw.pl\/index.php\/wp-json\/wp\/v2\/posts\/1425\/revisions"}],"wp:featuredmedia":[{"embeddable":true,"href":"https:\/\/bedeker.waw.pl\/index.php\/wp-json\/wp\/v2\/media\/1426"}],"wp:attachment":[{"href":"https:\/\/bedeker.waw.pl\/index.php\/wp-json\/wp\/v2\/media?parent=1425"}],"wp:term":[{"taxonomy":"category","embeddable":true,"href":"https:\/\/bedeker.waw.pl\/index.php\/wp-json\/wp\/v2\/categories?post=1425"},{"taxonomy":"post_tag","embeddable":true,"href":"https:\/\/bedeker.waw.pl\/index.php\/wp-json\/wp\/v2\/tags?post=1425"}],"curies":[{"name":"wp","href":"https:\/\/api.w.org\/{rel}","templated":true}]}}