{"id":1408,"date":"2019-12-14T19:29:37","date_gmt":"2019-12-14T18:29:37","guid":{"rendered":"https:\/\/bedeker.waw.pl\/?p=1408"},"modified":"2019-12-14T21:32:36","modified_gmt":"2019-12-14T20:32:36","slug":"mural-przy-ul-nowolipki-11-swanski","status":"publish","type":"post","link":"https:\/\/bedeker.waw.pl\/index.php\/2019\/12\/14\/mural-przy-ul-nowolipki-11-swanski\/","title":{"rendered":"Mural przy ul. Nowolipki 11 (Swanski)"},"content":{"rendered":"\n<div class=\"wp-block-image\"><figure class=\"aligncenter size-large is-resized\"><a href=\"https:\/\/bedeker.waw.pl\/wp-content\/uploads\/2019\/12\/Nowolipki_11_Mural_1.jpg\"><img decoding=\"async\" loading=\"lazy\" src=\"https:\/\/bedeker.waw.pl\/wp-content\/uploads\/2019\/12\/Nowolipki_11_Mural_1.jpg\" alt=\"\" class=\"wp-image-1409\" width=\"579\" height=\"385\" srcset=\"https:\/\/bedeker.waw.pl\/wp-content\/uploads\/2019\/12\/Nowolipki_11_Mural_1.jpg 960w, https:\/\/bedeker.waw.pl\/wp-content\/uploads\/2019\/12\/Nowolipki_11_Mural_1-300x200.jpg 300w, https:\/\/bedeker.waw.pl\/wp-content\/uploads\/2019\/12\/Nowolipki_11_Mural_1-768x512.jpg 768w\" sizes=\"(max-width: 579px) 100vw, 579px\" \/><\/a><figcaption> Mural &#8211; ul. Nowolipki 11<br>fot. Rafa\u0142 Adrian Kraszewski 2018<\/figcaption><\/figure><\/div>\n\n\n\n<hr class=\"wp-block-separator\" \/>\n\n\n\n<p class=\"has-medium-font-size\">7 listopada 2018 roku obchodzili\u015bmy 151. rocznic\u0119 urodzin wybitnej polskiej  fizyczki i chemiczki, dwukrotnej laureatki Nagrody Nobla i wreszcie  warszawianki &#8211; Marii Sk\u0142odowskiej-Curie.<\/p>\n\n\n\n<hr class=\"wp-block-separator\" \/>\n\n\n\n<div class=\"wp-block-image\"><figure class=\"aligncenter size-large is-resized\"><a href=\"https:\/\/bedeker.waw.pl\/wp-content\/uploads\/2019\/12\/Nowolipki_11_Mural_6.jpg\"><img decoding=\"async\" loading=\"lazy\" src=\"https:\/\/bedeker.waw.pl\/wp-content\/uploads\/2019\/12\/Nowolipki_11_Mural_6-1024x681.jpg\" alt=\"\" class=\"wp-image-1414\" width=\"580\" height=\"385\" srcset=\"https:\/\/bedeker.waw.pl\/wp-content\/uploads\/2019\/12\/Nowolipki_11_Mural_6-1024x681.jpg 1024w, https:\/\/bedeker.waw.pl\/wp-content\/uploads\/2019\/12\/Nowolipki_11_Mural_6-300x199.jpg 300w, https:\/\/bedeker.waw.pl\/wp-content\/uploads\/2019\/12\/Nowolipki_11_Mural_6-768x510.jpg 768w, https:\/\/bedeker.waw.pl\/wp-content\/uploads\/2019\/12\/Nowolipki_11_Mural_6.jpg 1500w\" sizes=\"(max-width: 580px) 100vw, 580px\" \/><\/a><figcaption>  Mural &#8211; ul. Nowolipki 11<br>fot. Rafa\u0142 Adrian Kraszewski 2018<\/figcaption><\/figure><\/div>\n\n\n\n<hr class=\"wp-block-separator\" \/>\n\n\n\n<p class=\"has-medium-font-size\">Mural przy ul. Nowolipki 11  zosta\u0142 w ca\u0142o\u015bci po\u015bwi\u0119cony polskiej uczonej.  Powsta\u0142 w 2011 roku..  Autorem tego interesuj\u0105cego dzie\u0142a jest artysta &#8211; Pawe\u0142 Koz\u0142owski  podpisuj\u0105cy si\u0119 jako &#8222;Swanski&#8221;. <\/p>\n\n\n\n<hr class=\"wp-block-separator\" \/>\n\n\n\n<div class=\"wp-block-image\"><figure class=\"aligncenter size-large is-resized\"><a href=\"https:\/\/bedeker.waw.pl\/wp-content\/uploads\/2019\/12\/Nowolipki_11_Mural_5.jpg\"><img decoding=\"async\" loading=\"lazy\" src=\"https:\/\/bedeker.waw.pl\/wp-content\/uploads\/2019\/12\/Nowolipki_11_Mural_5-1024x681.jpg\" alt=\"\" class=\"wp-image-1413\" width=\"580\" height=\"385\" srcset=\"https:\/\/bedeker.waw.pl\/wp-content\/uploads\/2019\/12\/Nowolipki_11_Mural_5-1024x681.jpg 1024w, https:\/\/bedeker.waw.pl\/wp-content\/uploads\/2019\/12\/Nowolipki_11_Mural_5-300x199.jpg 300w, https:\/\/bedeker.waw.pl\/wp-content\/uploads\/2019\/12\/Nowolipki_11_Mural_5-768x510.jpg 768w, https:\/\/bedeker.waw.pl\/wp-content\/uploads\/2019\/12\/Nowolipki_11_Mural_5.jpg 1500w\" sizes=\"(max-width: 580px) 100vw, 580px\" \/><\/a><figcaption>  Mural &#8211; ul. Nowolipki 11<br>fot. Rafa\u0142 Adrian Kraszewski 2018<\/figcaption><\/figure><\/div>\n\n\n\n<hr class=\"wp-block-separator\" \/>\n\n\n\n<p class=\"has-medium-font-size\">Mural przedstawia atom i ca\u0142y wiruj\u0105cy  wok\u00f3\u0142 niego \u015bwiat. <\/p>\n\n\n\n<div class=\"wp-block-image\"><figure class=\"aligncenter size-large is-resized\"><a href=\"https:\/\/bedeker.waw.pl\/wp-content\/uploads\/2019\/12\/Nowolipki_11_Mural_2.jpg\"><img decoding=\"async\" loading=\"lazy\" src=\"https:\/\/bedeker.waw.pl\/wp-content\/uploads\/2019\/12\/Nowolipki_11_Mural_2.jpg\" alt=\"\" class=\"wp-image-1410\" width=\"403\" height=\"605\" srcset=\"https:\/\/bedeker.waw.pl\/wp-content\/uploads\/2019\/12\/Nowolipki_11_Mural_2.jpg 638w, https:\/\/bedeker.waw.pl\/wp-content\/uploads\/2019\/12\/Nowolipki_11_Mural_2-199x300.jpg 199w\" sizes=\"(max-width: 403px) 100vw, 403px\" \/><\/a><figcaption>  Mural &#8211; ul. Nowolipki 11<br>fot. Rafa\u0142 Adrian Kraszewski 2018<\/figcaption><\/figure><\/div>\n\n\n\n<hr class=\"wp-block-separator\" \/>\n\n\n\n<div class=\"wp-block-image\"><figure class=\"aligncenter size-large is-resized\"><a href=\"https:\/\/bedeker.waw.pl\/wp-content\/uploads\/2019\/12\/Nowolipki_11_Mural_4.jpg\"><img decoding=\"async\" loading=\"lazy\" src=\"https:\/\/bedeker.waw.pl\/wp-content\/uploads\/2019\/12\/Nowolipki_11_Mural_4-1024x681.jpg\" alt=\"\" class=\"wp-image-1412\" width=\"580\" height=\"385\" srcset=\"https:\/\/bedeker.waw.pl\/wp-content\/uploads\/2019\/12\/Nowolipki_11_Mural_4-1024x681.jpg 1024w, https:\/\/bedeker.waw.pl\/wp-content\/uploads\/2019\/12\/Nowolipki_11_Mural_4-300x199.jpg 300w, https:\/\/bedeker.waw.pl\/wp-content\/uploads\/2019\/12\/Nowolipki_11_Mural_4-768x510.jpg 768w, https:\/\/bedeker.waw.pl\/wp-content\/uploads\/2019\/12\/Nowolipki_11_Mural_4.jpg 1500w\" sizes=\"(max-width: 580px) 100vw, 580px\" \/><\/a><figcaption>  Mural &#8211; ul. Nowolipki 11<br>fot. Rafa\u0142 Adrian Kraszewski 2018<\/figcaption><\/figure><\/div>\n\n\n\n<hr class=\"wp-block-separator\" \/>\n\n\n\n<p class=\"has-medium-font-size\">Sowa zapewne symbolizuje m\u0105dro\u015b\u0107 uczonej. Mural u\u015bwiadamia  nam, \u017ce wszystko w otaczaj\u0105cej nas rzeczywisto\u015bci sk\u0142ada si\u0119 z atom\u00f3w.  <\/p>\n\n\n\n<hr class=\"wp-block-separator\" \/>\n\n\n\n<div class=\"wp-block-image\"><figure class=\"aligncenter size-large is-resized\"><a href=\"https:\/\/bedeker.waw.pl\/wp-content\/uploads\/2019\/12\/Nowolipki_11_Mural_3.jpg\"><img decoding=\"async\" loading=\"lazy\" src=\"https:\/\/bedeker.waw.pl\/wp-content\/uploads\/2019\/12\/Nowolipki_11_Mural_3-1024x681.jpg\" alt=\"\" class=\"wp-image-1411\" width=\"580\" height=\"385\" srcset=\"https:\/\/bedeker.waw.pl\/wp-content\/uploads\/2019\/12\/Nowolipki_11_Mural_3-1024x681.jpg 1024w, https:\/\/bedeker.waw.pl\/wp-content\/uploads\/2019\/12\/Nowolipki_11_Mural_3-300x199.jpg 300w, https:\/\/bedeker.waw.pl\/wp-content\/uploads\/2019\/12\/Nowolipki_11_Mural_3-768x510.jpg 768w, https:\/\/bedeker.waw.pl\/wp-content\/uploads\/2019\/12\/Nowolipki_11_Mural_3.jpg 1500w\" sizes=\"(max-width: 580px) 100vw, 580px\" \/><\/a><figcaption>  Mural &#8211; ul. Nowolipki 11<br>fot. Rafa\u0142 Adrian Kraszewski 2018<\/figcaption><\/figure><\/div>\n\n\n\n<hr class=\"wp-block-separator\" \/>\n\n\n\n<p class=\"has-medium-font-size\">Miejsce, te\u017c nie zosta\u0142o wybrane zupe\u0142nie przypadkowo. Maria  Sk\u0142odowska-Curie pomimo tego, \u017ce urodzi\u0142a si\u0119 w kamienicy przy ulicy  Freta, to wychowywa\u0142a si\u0119 na Nowolipkach. Ojciec Marii, by\u0142  podinspektorem oraz nauczycielem matematyki i fizyki w II M\u0119skim  Gimnazjum  przy ulicy Nowolipki 11.  <\/p>\n\n\n\n<div class=\"wp-block-image\"><figure class=\"aligncenter size-large is-resized\"><a href=\"https:\/\/bedeker.waw.pl\/wp-content\/uploads\/2019\/12\/IIGimazjumMeskie.jpg\"><img decoding=\"async\" loading=\"lazy\" src=\"https:\/\/bedeker.waw.pl\/wp-content\/uploads\/2019\/12\/IIGimazjumMeskie-1024x665.jpg\" alt=\"\" class=\"wp-image-1530\" width=\"580\" height=\"376\" srcset=\"https:\/\/bedeker.waw.pl\/wp-content\/uploads\/2019\/12\/IIGimazjumMeskie-1024x665.jpg 1024w, https:\/\/bedeker.waw.pl\/wp-content\/uploads\/2019\/12\/IIGimazjumMeskie-300x195.jpg 300w, https:\/\/bedeker.waw.pl\/wp-content\/uploads\/2019\/12\/IIGimazjumMeskie-768x499.jpg 768w, https:\/\/bedeker.waw.pl\/wp-content\/uploads\/2019\/12\/IIGimazjumMeskie-1536x998.jpg 1536w, https:\/\/bedeker.waw.pl\/wp-content\/uploads\/2019\/12\/IIGimazjumMeskie.jpg 1912w\" sizes=\"(max-width: 580px) 100vw, 580px\" \/><\/a><figcaption>II Gimnazjum M\u0119skie w Warszawie<br>\u0179r\u00f3d\u0142o: \u00d6sterreichische Nationalbibliothek<br>Sygnatura:  1058,1 B <\/figcaption><\/figure><\/div>\n\n\n\n<p class=\"has-medium-font-size\">Dzi\u0119ki temu rodzina Sk\u0142odowskich  mieszka\u0142a  w tym miejscu w du\u017cym s\u0142u\u017cbowym mieszkaniu. Niestety  kamienica nie przetrwa\u0142a do dzisiejszych czas\u00f3w. <\/p>\n","protected":false},"excerpt":{"rendered":"<p>7 listopada 2018 roku obchodzili\u015bmy 151. rocznic\u0119 urodzin wybitnej polskiej fizyczki i chemiczki, dwukrotnej laureatki Nagrody Nobla i wreszcie warszawianki &#8211; Marii Sk\u0142odowskiej-Curie. Mural przy ul. Nowolipki 11 zosta\u0142 w&hellip; <\/p>\n","protected":false},"author":2,"featured_media":1409,"comment_status":"closed","ping_status":"open","sticky":false,"template":"","format":"standard","meta":[],"categories":[15],"tags":[],"_links":{"self":[{"href":"https:\/\/bedeker.waw.pl\/index.php\/wp-json\/wp\/v2\/posts\/1408"}],"collection":[{"href":"https:\/\/bedeker.waw.pl\/index.php\/wp-json\/wp\/v2\/posts"}],"about":[{"href":"https:\/\/bedeker.waw.pl\/index.php\/wp-json\/wp\/v2\/types\/post"}],"author":[{"embeddable":true,"href":"https:\/\/bedeker.waw.pl\/index.php\/wp-json\/wp\/v2\/users\/2"}],"replies":[{"embeddable":true,"href":"https:\/\/bedeker.waw.pl\/index.php\/wp-json\/wp\/v2\/comments?post=1408"}],"version-history":[{"count":0,"href":"https:\/\/bedeker.waw.pl\/index.php\/wp-json\/wp\/v2\/posts\/1408\/revisions"}],"wp:featuredmedia":[{"embeddable":true,"href":"https:\/\/bedeker.waw.pl\/index.php\/wp-json\/wp\/v2\/media\/1409"}],"wp:attachment":[{"href":"https:\/\/bedeker.waw.pl\/index.php\/wp-json\/wp\/v2\/media?parent=1408"}],"wp:term":[{"taxonomy":"category","embeddable":true,"href":"https:\/\/bedeker.waw.pl\/index.php\/wp-json\/wp\/v2\/categories?post=1408"},{"taxonomy":"post_tag","embeddable":true,"href":"https:\/\/bedeker.waw.pl\/index.php\/wp-json\/wp\/v2\/tags?post=1408"}],"curies":[{"name":"wp","href":"https:\/\/api.w.org\/{rel}","templated":true}]}}