{"id":1401,"date":"2019-11-22T12:27:00","date_gmt":"2019-11-22T11:27:00","guid":{"rendered":"https:\/\/bedeker.waw.pl\/?p=1401"},"modified":"2019-12-14T12:34:36","modified_gmt":"2019-12-14T11:34:36","slug":"ohele-na-cmentarzu-zydowskim-na-woli","status":"publish","type":"post","link":"https:\/\/bedeker.waw.pl\/index.php\/2019\/11\/22\/ohele-na-cmentarzu-zydowskim-na-woli\/","title":{"rendered":"Ohele na cmentarzu \u017cydowskim na Woli"},"content":{"rendered":"\n<div class=\"wp-block-image\"><figure class=\"aligncenter size-large is-resized\"><a href=\"https:\/\/bedeker.waw.pl\/wp-content\/uploads\/2019\/12\/Ohele_1.jpg\"><img decoding=\"async\" loading=\"lazy\" src=\"https:\/\/bedeker.waw.pl\/wp-content\/uploads\/2019\/12\/Ohele_1.jpg\" alt=\"\" class=\"wp-image-1402\" width=\"580\" height=\"385\" srcset=\"https:\/\/bedeker.waw.pl\/wp-content\/uploads\/2019\/12\/Ohele_1.jpg 960w, https:\/\/bedeker.waw.pl\/wp-content\/uploads\/2019\/12\/Ohele_1-300x199.jpg 300w, https:\/\/bedeker.waw.pl\/wp-content\/uploads\/2019\/12\/Ohele_1-768x510.jpg 768w\" sizes=\"(max-width: 580px) 100vw, 580px\" \/><\/a><figcaption> Ohele &#8211; Cmentarz \u017bydowski na Woli <br>fot. Rafa\u0142 Adrian Kraszewski 2018<\/figcaption><\/figure><\/div>\n\n\n\n<hr class=\"wp-block-separator\" \/>\n\n\n\n<p class=\"has-medium-font-size\">Ohel jest to niewielki \u017cydowski grobowiec, najcz\u0119\u015bciej w kszta\u0142cie  ma\u0142ego domku z drzwiami i czasem oknami. Na cmentarzu \u017cydowskim przy ul.  Okopowej w Warszawie znajduje si\u0119 kilkadziesi\u0105t oheli. Jest to  najwi\u0119ksze skupisko tego typu grobowc\u00f3w w Polsce. Ohele s\u0105 wznoszone nad  grobami wybitnych rabin\u00f3w, cadyk\u00f3w i ich m\u0119skich potomk\u00f3w.<\/p>\n\n\n\n<hr class=\"wp-block-separator\" \/>\n\n\n\n<div class=\"wp-block-image\"><figure class=\"aligncenter size-large is-resized\"><a href=\"https:\/\/bedeker.waw.pl\/wp-content\/uploads\/2019\/12\/Ohele_2.jpg\"><img decoding=\"async\" loading=\"lazy\" src=\"https:\/\/bedeker.waw.pl\/wp-content\/uploads\/2019\/12\/Ohele_2.jpg\" alt=\"\" class=\"wp-image-1403\" width=\"467\" height=\"702\" srcset=\"https:\/\/bedeker.waw.pl\/wp-content\/uploads\/2019\/12\/Ohele_2.jpg 638w, https:\/\/bedeker.waw.pl\/wp-content\/uploads\/2019\/12\/Ohele_2-199x300.jpg 199w\" sizes=\"(max-width: 467px) 100vw, 467px\" \/><\/a><figcaption>  Ohele &#8211; Cmentarz \u017bydowski na Woli <br>fot. Rafa\u0142 Adrian Kraszewski 2018<\/figcaption><\/figure><\/div>\n\n\n\n<hr class=\"wp-block-separator\" \/>\n\n\n\n<div class=\"wp-block-image\"><figure class=\"aligncenter size-large\"><a href=\"https:\/\/bedeker.waw.pl\/wp-content\/uploads\/2019\/12\/Ohele_3.jpg\"><img decoding=\"async\" loading=\"lazy\" width=\"1024\" height=\"681\" src=\"https:\/\/bedeker.waw.pl\/wp-content\/uploads\/2019\/12\/Ohele_3-1024x681.jpg\" alt=\"\" class=\"wp-image-1404\" srcset=\"https:\/\/bedeker.waw.pl\/wp-content\/uploads\/2019\/12\/Ohele_3-1024x681.jpg 1024w, https:\/\/bedeker.waw.pl\/wp-content\/uploads\/2019\/12\/Ohele_3-300x199.jpg 300w, https:\/\/bedeker.waw.pl\/wp-content\/uploads\/2019\/12\/Ohele_3-768x510.jpg 768w, https:\/\/bedeker.waw.pl\/wp-content\/uploads\/2019\/12\/Ohele_3.jpg 1500w\" sizes=\"(max-width: 1024px) 100vw, 1024px\" \/><\/a><figcaption>  Ohele &#8211; Cmentarz \u017bydowski na Woli <br>fot. Rafa\u0142 Adrian Kraszewski 2018<\/figcaption><\/figure><\/div>\n\n\n\n<hr class=\"wp-block-separator\" \/>\n\n\n\n<div class=\"wp-block-image\"><figure class=\"aligncenter size-large\"><a href=\"https:\/\/bedeker.waw.pl\/wp-content\/uploads\/2019\/12\/Ohele_4.jpg\"><img decoding=\"async\" loading=\"lazy\" width=\"1024\" height=\"681\" src=\"https:\/\/bedeker.waw.pl\/wp-content\/uploads\/2019\/12\/Ohele_4-1024x681.jpg\" alt=\"\" class=\"wp-image-1405\" srcset=\"https:\/\/bedeker.waw.pl\/wp-content\/uploads\/2019\/12\/Ohele_4-1024x681.jpg 1024w, https:\/\/bedeker.waw.pl\/wp-content\/uploads\/2019\/12\/Ohele_4-300x199.jpg 300w, https:\/\/bedeker.waw.pl\/wp-content\/uploads\/2019\/12\/Ohele_4-768x510.jpg 768w, https:\/\/bedeker.waw.pl\/wp-content\/uploads\/2019\/12\/Ohele_4.jpg 1500w\" sizes=\"(max-width: 1024px) 100vw, 1024px\" \/><\/a><figcaption>  Ohele &#8211; Cmentarz \u017bydowski na Woli <br>fot. Rafa\u0142 Adrian Kraszewski 2018<\/figcaption><\/figure><\/div>\n\n\n\n<hr class=\"wp-block-separator\" \/>\n\n\n\n<div class=\"wp-block-image\"><figure class=\"aligncenter size-large is-resized\"><a href=\"https:\/\/bedeker.waw.pl\/wp-content\/uploads\/2019\/12\/Ohele_5.jpg\"><img decoding=\"async\" loading=\"lazy\" src=\"https:\/\/bedeker.waw.pl\/wp-content\/uploads\/2019\/12\/Ohele_5.jpg\" alt=\"\" class=\"wp-image-1406\" width=\"434\" height=\"652\" srcset=\"https:\/\/bedeker.waw.pl\/wp-content\/uploads\/2019\/12\/Ohele_5.jpg 638w, https:\/\/bedeker.waw.pl\/wp-content\/uploads\/2019\/12\/Ohele_5-199x300.jpg 199w\" sizes=\"(max-width: 434px) 100vw, 434px\" \/><\/a><figcaption>  Ohele &#8211; Cmentarz \u017bydowski na Woli <br>fot. Rafa\u0142 Adrian Kraszewski 2018<\/figcaption><\/figure><\/div>\n","protected":false},"excerpt":{"rendered":"<p>Ohel jest to niewielki \u017cydowski grobowiec, najcz\u0119\u015bciej w kszta\u0142cie ma\u0142ego domku z drzwiami i czasem oknami. Na cmentarzu \u017cydowskim przy ul. Okopowej w Warszawie znajduje si\u0119 kilkadziesi\u0105t oheli. Jest to&hellip; <\/p>\n","protected":false},"author":2,"featured_media":1402,"comment_status":"closed","ping_status":"open","sticky":false,"template":"","format":"standard","meta":[],"categories":[16],"tags":[],"_links":{"self":[{"href":"https:\/\/bedeker.waw.pl\/index.php\/wp-json\/wp\/v2\/posts\/1401"}],"collection":[{"href":"https:\/\/bedeker.waw.pl\/index.php\/wp-json\/wp\/v2\/posts"}],"about":[{"href":"https:\/\/bedeker.waw.pl\/index.php\/wp-json\/wp\/v2\/types\/post"}],"author":[{"embeddable":true,"href":"https:\/\/bedeker.waw.pl\/index.php\/wp-json\/wp\/v2\/users\/2"}],"replies":[{"embeddable":true,"href":"https:\/\/bedeker.waw.pl\/index.php\/wp-json\/wp\/v2\/comments?post=1401"}],"version-history":[{"count":0,"href":"https:\/\/bedeker.waw.pl\/index.php\/wp-json\/wp\/v2\/posts\/1401\/revisions"}],"wp:featuredmedia":[{"embeddable":true,"href":"https:\/\/bedeker.waw.pl\/index.php\/wp-json\/wp\/v2\/media\/1402"}],"wp:attachment":[{"href":"https:\/\/bedeker.waw.pl\/index.php\/wp-json\/wp\/v2\/media?parent=1401"}],"wp:term":[{"taxonomy":"category","embeddable":true,"href":"https:\/\/bedeker.waw.pl\/index.php\/wp-json\/wp\/v2\/categories?post=1401"},{"taxonomy":"post_tag","embeddable":true,"href":"https:\/\/bedeker.waw.pl\/index.php\/wp-json\/wp\/v2\/tags?post=1401"}],"curies":[{"name":"wp","href":"https:\/\/api.w.org\/{rel}","templated":true}]}}