{"id":1322,"date":"2020-01-26T18:58:00","date_gmt":"2020-01-26T17:58:00","guid":{"rendered":"https:\/\/bedeker.waw.pl\/?p=1322"},"modified":"2020-01-30T19:00:39","modified_gmt":"2020-01-30T18:00:39","slug":"wilenska-2-4-w-warszawie","status":"publish","type":"post","link":"https:\/\/bedeker.waw.pl\/index.php\/2020\/01\/26\/wilenska-2-4-w-warszawie\/","title":{"rendered":"Wile\u0144ska 2\/4 w Warszawie"},"content":{"rendered":"\n<div class=\"wp-block-image\"><figure class=\"aligncenter size-large is-resized\"><a href=\"https:\/\/bedeker.waw.pl\/wp-content\/uploads\/2019\/12\/Wile\u0144ska2_4_w_Warszawie_13.jpg\"><img decoding=\"async\" loading=\"lazy\" src=\"https:\/\/bedeker.waw.pl\/wp-content\/uploads\/2019\/12\/Wile\u0144ska2_4_w_Warszawie_13-1024x681.jpg\" alt=\"\" class=\"wp-image-1335\" width=\"580\" height=\"385\" srcset=\"https:\/\/bedeker.waw.pl\/wp-content\/uploads\/2019\/12\/Wile\u0144ska2_4_w_Warszawie_13-1024x681.jpg 1024w, https:\/\/bedeker.waw.pl\/wp-content\/uploads\/2019\/12\/Wile\u0144ska2_4_w_Warszawie_13-300x200.jpg 300w, https:\/\/bedeker.waw.pl\/wp-content\/uploads\/2019\/12\/Wile\u0144ska2_4_w_Warszawie_13-768x511.jpg 768w, https:\/\/bedeker.waw.pl\/wp-content\/uploads\/2019\/12\/Wile\u0144ska2_4_w_Warszawie_13.jpg 1500w\" sizes=\"(max-width: 580px) 100vw, 580px\" \/><\/a><figcaption> Cele w piwnicy budynku przy ul. Wile\u0144skiej 2\/4 w Warszawie.<br>fot. Rafa\u0142 Adrian Kraszewski 2019<\/figcaption><\/figure><\/div>\n\n\n\n<p class=\"has-medium-font-size\">Dwa budynki przy ulicy Wile\u0144skiej 2\/4 w Warszawie powsta\u0142y w latach  1928-1931 wg projektu profesora Mariana Lalewicza. Zosta\u0142y wybudowane  razem z ogromnym gmachem dla Warszawskiej Dyrekcji Kolei Pa\u0144stwowych.  <\/p>\n\n\n\n<div class=\"wp-block-image\"><figure class=\"aligncenter size-large is-resized\"><a href=\"https:\/\/bedeker.waw.pl\/wp-content\/uploads\/2019\/12\/Wile\u0144ska2_4_mapka.jpg\"><img decoding=\"async\" loading=\"lazy\" src=\"https:\/\/bedeker.waw.pl\/wp-content\/uploads\/2019\/12\/Wile\u0144ska2_4_mapka-1024x711.jpg\" alt=\"\" class=\"wp-image-1341\" width=\"580\" height=\"402\" srcset=\"https:\/\/bedeker.waw.pl\/wp-content\/uploads\/2019\/12\/Wile\u0144ska2_4_mapka-1024x711.jpg 1024w, https:\/\/bedeker.waw.pl\/wp-content\/uploads\/2019\/12\/Wile\u0144ska2_4_mapka-300x208.jpg 300w, https:\/\/bedeker.waw.pl\/wp-content\/uploads\/2019\/12\/Wile\u0144ska2_4_mapka-768x534.jpg 768w, https:\/\/bedeker.waw.pl\/wp-content\/uploads\/2019\/12\/Wile\u0144ska2_4_mapka-1536x1067.jpg 1536w, https:\/\/bedeker.waw.pl\/wp-content\/uploads\/2019\/12\/Wile\u0144ska2_4_mapka-2048x1423.jpg 2048w\" sizes=\"(max-width: 580px) 100vw, 580px\" \/><\/a><figcaption>Budynek p\u00f3\u0142nocny przy ul. Wile\u0144skiej 2\/4 w Warszawie<\/figcaption><\/figure><\/div>\n\n\n\n<p class=\"has-medium-font-size\">Przeznaczone by\u0142y na cele mieszkalne. Nasz\u0105 uwag\u0119 skupia budynek p\u00f3\u0142nocny (od strony ulicy Wile\u0144skiej), w kt\u00f3rym zachowa\u0142y si\u0119 \u015blady wi\u0119zionych os\u00f3b. <\/p>\n\n\n\n<div class=\"wp-block-image\"><figure class=\"aligncenter size-large is-resized\"><a href=\"https:\/\/bedeker.waw.pl\/wp-content\/uploads\/2019\/12\/Wile\u0144ska2_4_w_Warszawie_16.jpg\"><img decoding=\"async\" loading=\"lazy\" src=\"https:\/\/bedeker.waw.pl\/wp-content\/uploads\/2019\/12\/Wile\u0144ska2_4_w_Warszawie_16.jpg\" alt=\"\" class=\"wp-image-1338\" width=\"377\" height=\"566\" srcset=\"https:\/\/bedeker.waw.pl\/wp-content\/uploads\/2019\/12\/Wile\u0144ska2_4_w_Warszawie_16.jpg 638w, https:\/\/bedeker.waw.pl\/wp-content\/uploads\/2019\/12\/Wile\u0144ska2_4_w_Warszawie_16-199x300.jpg 199w\" sizes=\"(max-width: 377px) 100vw, 377px\" \/><\/a><figcaption>Budynek p\u00f3\u0142nocny przy ul. Wile\u0144skiej 2\/4 w Warszawie.<br>fot. Rafa\u0142 Adrian Kraszewski 2019 <\/figcaption><\/figure><\/div>\n\n\n\n<p class=\"has-medium-font-size\">W czasie  okupacji  w tym miejscu stacjonowa\u0142y jednostki niemieckie. W okresie  powojennym najprawdopodobniej by\u0142a tutaj siedziba kontrwywiadu  wojskowego ZSRR (SMIERSZ), czy te\u017c  Urz\u0119du Bezpiecze\u0144stwa Publicznego. Jednak na chwil\u0119 obecn\u0105 brak jest  jakichkolwiek dowod\u00f3w w postaci dokument\u00f3w. Jest te\u017c informacja, \u017ce by\u0107 mo\u017ce na tym terenie znajdowa\u0142 si\u0119 oddzia\u0142 biura ochrony \u00f3wczesnych  w\u0142adz. W budynku  znajduje si\u0119 piwnica z zachowanymi celami. Do budowy  cel wykorzystano przedwojenny schron przeciwlotniczy. <\/p>\n\n\n\n<div class=\"wp-block-image\"><figure class=\"aligncenter size-large is-resized\"><a href=\"https:\/\/bedeker.waw.pl\/wp-content\/uploads\/2019\/12\/Wile\u0144ska2_4_w_Warszawie_04.jpg\"><img decoding=\"async\" loading=\"lazy\" src=\"https:\/\/bedeker.waw.pl\/wp-content\/uploads\/2019\/12\/Wile\u0144ska2_4_w_Warszawie_04-1024x681.jpg\" alt=\"\" class=\"wp-image-1326\" width=\"583\" height=\"387\" srcset=\"https:\/\/bedeker.waw.pl\/wp-content\/uploads\/2019\/12\/Wile\u0144ska2_4_w_Warszawie_04-1024x681.jpg 1024w, https:\/\/bedeker.waw.pl\/wp-content\/uploads\/2019\/12\/Wile\u0144ska2_4_w_Warszawie_04-300x199.jpg 300w, https:\/\/bedeker.waw.pl\/wp-content\/uploads\/2019\/12\/Wile\u0144ska2_4_w_Warszawie_04-768x510.jpg 768w, https:\/\/bedeker.waw.pl\/wp-content\/uploads\/2019\/12\/Wile\u0144ska2_4_w_Warszawie_04.jpg 1500w\" sizes=\"(max-width: 583px) 100vw, 583px\" \/><\/a><figcaption> Budynek p\u00f3\u0142nocny przy ul. Wile\u0144skiej 2\/4 w Warszawie.<br>fot. Rafa\u0142 Adrian Kraszewski 2019  <\/figcaption><\/figure><\/div>\n\n\n\n<p class=\"has-medium-font-size\">Ze wzgl\u0119du na  przepisy obrony przeciwlotniczej i przeciwgazowej z okresu  mi\u0119dzywojennego takie schrony by\u0142y budowane w budynkach u\u017cyteczno\u015bci  publicznej. W wej\u015bciu znajduj\u0105 si\u0119 du\u017ce metalowe drzwi  (najprawdopodobniej z dawnego schronu) do kt\u00f3rych dodano du\u017cy wizjer,  umo\u017cliwiaj\u0105cy w\u00f3wczas wartownikom kontrol\u0119 os\u00f3b wchodz\u0105cych. <\/p>\n\n\n\n<div class=\"wp-block-image\"><figure class=\"aligncenter size-large is-resized\"><a href=\"https:\/\/bedeker.waw.pl\/wp-content\/uploads\/2019\/12\/Wile\u0144ska2_4_w_Warszawie_15.jpg\"><img decoding=\"async\" loading=\"lazy\" src=\"https:\/\/bedeker.waw.pl\/wp-content\/uploads\/2019\/12\/Wile\u0144ska2_4_w_Warszawie_15-1024x681.jpg\" alt=\"\" class=\"wp-image-1337\" width=\"580\" height=\"385\" srcset=\"https:\/\/bedeker.waw.pl\/wp-content\/uploads\/2019\/12\/Wile\u0144ska2_4_w_Warszawie_15-1024x681.jpg 1024w, https:\/\/bedeker.waw.pl\/wp-content\/uploads\/2019\/12\/Wile\u0144ska2_4_w_Warszawie_15-300x199.jpg 300w, https:\/\/bedeker.waw.pl\/wp-content\/uploads\/2019\/12\/Wile\u0144ska2_4_w_Warszawie_15-768x510.jpg 768w, https:\/\/bedeker.waw.pl\/wp-content\/uploads\/2019\/12\/Wile\u0144ska2_4_w_Warszawie_15.jpg 1500w\" sizes=\"(max-width: 580px) 100vw, 580px\" \/><\/a><figcaption>  Budynek p\u00f3\u0142nocny przy ul. Wile\u0144skiej 2\/4 w Warszawie.<br>fot. Rafa\u0142 Adrian Kraszewski 2019  <\/figcaption><\/figure><\/div>\n\n\n\n<p class=\"has-medium-font-size\">W dalszej  cz\u0119\u015bci zarysowuje si\u0119 przedsionek, gdzie mo\u017cemy domniema\u0107, \u017ce w bocznych  pomieszczeniach stacjonowali wartownicy, kt\u00f3rzy pilnowali cel. Za  kolejnymi identycznymi metalowymi drzwiami znajduj\u0105 si\u0119 pomieszczenia z  celami. <\/p>\n\n\n\n<div class=\"wp-block-image\"><figure class=\"aligncenter size-large is-resized\"><a href=\"https:\/\/bedeker.waw.pl\/wp-content\/uploads\/2019\/12\/Wile\u0144ska2_4_w_Warszawie_05.jpg\"><img decoding=\"async\" loading=\"lazy\" src=\"https:\/\/bedeker.waw.pl\/wp-content\/uploads\/2019\/12\/Wile\u0144ska2_4_w_Warszawie_05-1024x681.jpg\" alt=\"\" class=\"wp-image-1327\" width=\"580\" height=\"385\" srcset=\"https:\/\/bedeker.waw.pl\/wp-content\/uploads\/2019\/12\/Wile\u0144ska2_4_w_Warszawie_05-1024x681.jpg 1024w, https:\/\/bedeker.waw.pl\/wp-content\/uploads\/2019\/12\/Wile\u0144ska2_4_w_Warszawie_05-300x199.jpg 300w, https:\/\/bedeker.waw.pl\/wp-content\/uploads\/2019\/12\/Wile\u0144ska2_4_w_Warszawie_05-768x510.jpg 768w, https:\/\/bedeker.waw.pl\/wp-content\/uploads\/2019\/12\/Wile\u0144ska2_4_w_Warszawie_05.jpg 1500w\" sizes=\"(max-width: 580px) 100vw, 580px\" \/><\/a><figcaption>  Budynek p\u00f3\u0142nocny przy ul. Wile\u0144skiej 2\/4 w Warszawie.<br>fot. Rafa\u0142 Adrian Kraszewski 2019<\/figcaption><\/figure><\/div>\n\n\n\n<div class=\"wp-block-image\"><figure class=\"aligncenter size-large is-resized\"><a href=\"https:\/\/bedeker.waw.pl\/wp-content\/uploads\/2019\/12\/Wile\u0144ska2_4_w_Warszawie_08.jpg\"><img decoding=\"async\" loading=\"lazy\" src=\"https:\/\/bedeker.waw.pl\/wp-content\/uploads\/2019\/12\/Wile\u0144ska2_4_w_Warszawie_08-1024x681.jpg\" alt=\"\" class=\"wp-image-1330\" width=\"577\" height=\"383\" srcset=\"https:\/\/bedeker.waw.pl\/wp-content\/uploads\/2019\/12\/Wile\u0144ska2_4_w_Warszawie_08-1024x681.jpg 1024w, https:\/\/bedeker.waw.pl\/wp-content\/uploads\/2019\/12\/Wile\u0144ska2_4_w_Warszawie_08-300x200.jpg 300w, https:\/\/bedeker.waw.pl\/wp-content\/uploads\/2019\/12\/Wile\u0144ska2_4_w_Warszawie_08-768x511.jpg 768w, https:\/\/bedeker.waw.pl\/wp-content\/uploads\/2019\/12\/Wile\u0144ska2_4_w_Warszawie_08.jpg 1500w\" sizes=\"(max-width: 577px) 100vw, 577px\" \/><\/a><figcaption>  Budynek p\u00f3\u0142nocny przy ul. Wile\u0144skiej 2\/4 w Warszawie.<br>fot. Rafa\u0142 Adrian Kraszewski 2019  <\/figcaption><\/figure><\/div>\n\n\n\n<div class=\"wp-block-image\"><figure class=\"aligncenter size-large is-resized\"><a href=\"https:\/\/bedeker.waw.pl\/wp-content\/uploads\/2019\/12\/Wile\u0144ska2_4_w_Warszawie_07.jpg\"><img decoding=\"async\" loading=\"lazy\" src=\"https:\/\/bedeker.waw.pl\/wp-content\/uploads\/2019\/12\/Wile\u0144ska2_4_w_Warszawie_07.jpg\" alt=\"\" class=\"wp-image-1329\" width=\"469\" height=\"705\" srcset=\"https:\/\/bedeker.waw.pl\/wp-content\/uploads\/2019\/12\/Wile\u0144ska2_4_w_Warszawie_07.jpg 638w, https:\/\/bedeker.waw.pl\/wp-content\/uploads\/2019\/12\/Wile\u0144ska2_4_w_Warszawie_07-199x300.jpg 199w\" sizes=\"(max-width: 469px) 100vw, 469px\" \/><\/a><figcaption> Budynek p\u00f3\u0142nocny przy ul. Wile\u0144skiej 2\/4 w Warszawie.<br>fot. Rafa\u0142 Adrian Kraszewski 2019 <\/figcaption><\/figure><\/div>\n\n\n\n<p class=\"has-medium-font-size\">Ka\u017cda z cel posiada metalowe drzwi z ma\u0142ym okr\u0105g\u0142ym wizjerem.  <\/p>\n\n\n\n<div class=\"wp-block-image\"><figure class=\"aligncenter size-large is-resized\"><a href=\"https:\/\/bedeker.waw.pl\/wp-content\/uploads\/2019\/12\/Wile\u0144ska2_4_w_Warszawie_10.jpg\"><img decoding=\"async\" loading=\"lazy\" src=\"https:\/\/bedeker.waw.pl\/wp-content\/uploads\/2019\/12\/Wile\u0144ska2_4_w_Warszawie_10-1024x681.jpg\" alt=\"\" class=\"wp-image-1332\" width=\"580\" height=\"385\" srcset=\"https:\/\/bedeker.waw.pl\/wp-content\/uploads\/2019\/12\/Wile\u0144ska2_4_w_Warszawie_10-1024x681.jpg 1024w, https:\/\/bedeker.waw.pl\/wp-content\/uploads\/2019\/12\/Wile\u0144ska2_4_w_Warszawie_10-300x199.jpg 300w, https:\/\/bedeker.waw.pl\/wp-content\/uploads\/2019\/12\/Wile\u0144ska2_4_w_Warszawie_10-768x510.jpg 768w, https:\/\/bedeker.waw.pl\/wp-content\/uploads\/2019\/12\/Wile\u0144ska2_4_w_Warszawie_10.jpg 1500w\" sizes=\"(max-width: 580px) 100vw, 580px\" \/><\/a><figcaption>  Budynek p\u00f3\u0142nocny przy ul. Wile\u0144skiej 2\/4 w Warszawie.<br>fot. Rafa\u0142 Adrian Kraszewski 2019  <\/figcaption><\/figure><\/div>\n\n\n\n<p class=\"has-medium-font-size\">Zachowa\u0142a si\u0119 jedna zewn\u0119trzna blenda (blacha z powierconymi otworami),  kt\u00f3ra wskazuje, \u017ce cele mog\u0142y by\u0107 utworzone przez jednostki niemieckie w  czasie II wojny \u015bwiatowej. W okresie powojennym sowieckie jednostki  oraz UB cz\u0119sto wykorzystywa\u0142y tego typu miejsca, kt\u00f3re zosta\u0142y utworzone  przez Niemc\u00f3w w czasie okupacji. <\/p>\n\n\n\n<div class=\"wp-block-image\"><figure class=\"aligncenter size-large is-resized\"><a href=\"https:\/\/bedeker.waw.pl\/wp-content\/uploads\/2019\/12\/Wile\u0144ska2_4_w_Warszawie_14.jpg\"><img decoding=\"async\" loading=\"lazy\" src=\"https:\/\/bedeker.waw.pl\/wp-content\/uploads\/2019\/12\/Wile\u0144ska2_4_w_Warszawie_14-1024x681.jpg\" alt=\"\" class=\"wp-image-1336\" width=\"580\" height=\"385\" srcset=\"https:\/\/bedeker.waw.pl\/wp-content\/uploads\/2019\/12\/Wile\u0144ska2_4_w_Warszawie_14-1024x681.jpg 1024w, https:\/\/bedeker.waw.pl\/wp-content\/uploads\/2019\/12\/Wile\u0144ska2_4_w_Warszawie_14-300x199.jpg 300w, https:\/\/bedeker.waw.pl\/wp-content\/uploads\/2019\/12\/Wile\u0144ska2_4_w_Warszawie_14-768x510.jpg 768w, https:\/\/bedeker.waw.pl\/wp-content\/uploads\/2019\/12\/Wile\u0144ska2_4_w_Warszawie_14.jpg 1500w\" sizes=\"(max-width: 580px) 100vw, 580px\" \/><\/a><figcaption>  Budynek p\u00f3\u0142nocny przy ul. Wile\u0144skiej 2\/4 w Warszawie.<br>fot. Rafa\u0142 Adrian Kraszewski 2019<\/figcaption><\/figure><\/div>\n\n\n\n<div class=\"wp-block-image\"><figure class=\"aligncenter size-large is-resized\"><a href=\"https:\/\/bedeker.waw.pl\/wp-content\/uploads\/2019\/12\/Wile\u0144ska2_4_w_Warszawie_06.jpg\"><img decoding=\"async\" loading=\"lazy\" src=\"https:\/\/bedeker.waw.pl\/wp-content\/uploads\/2019\/12\/Wile\u0144ska2_4_w_Warszawie_06.jpg\" alt=\"\" class=\"wp-image-1328\" width=\"459\" height=\"691\" srcset=\"https:\/\/bedeker.waw.pl\/wp-content\/uploads\/2019\/12\/Wile\u0144ska2_4_w_Warszawie_06.jpg 638w, https:\/\/bedeker.waw.pl\/wp-content\/uploads\/2019\/12\/Wile\u0144ska2_4_w_Warszawie_06-199x300.jpg 199w\" sizes=\"(max-width: 459px) 100vw, 459px\" \/><\/a><figcaption>  Budynek p\u00f3\u0142nocny przy ul. Wile\u0144skiej 2\/4 w Warszawie.<br>fot. Rafa\u0142 Adrian Kraszewski 2019 <\/figcaption><\/figure><\/div>\n\n\n\n<p class=\"has-medium-font-size\">Jeszcze kilkana\u015bcie lat temu w celach  znajdowa\u0142y si\u0119 oryginalne prycze. Pozostawione przez wi\u0119\u017ani\u00f3w napisy na  ceg\u0142ach by\u0142y ca\u0142kowicie czytelne.<\/p>\n\n\n\n<div class=\"wp-block-image\"><figure class=\"aligncenter size-large is-resized\"><a href=\"https:\/\/bedeker.waw.pl\/wp-content\/uploads\/2019\/12\/Wile\u0144ska2_4_w_Warszawie_12.jpg\"><img decoding=\"async\" loading=\"lazy\" src=\"https:\/\/bedeker.waw.pl\/wp-content\/uploads\/2019\/12\/Wile\u0144ska2_4_w_Warszawie_12-1024x681.jpg\" alt=\"\" class=\"wp-image-1334\" width=\"580\" height=\"385\" srcset=\"https:\/\/bedeker.waw.pl\/wp-content\/uploads\/2019\/12\/Wile\u0144ska2_4_w_Warszawie_12-1024x681.jpg 1024w, https:\/\/bedeker.waw.pl\/wp-content\/uploads\/2019\/12\/Wile\u0144ska2_4_w_Warszawie_12-300x199.jpg 300w, https:\/\/bedeker.waw.pl\/wp-content\/uploads\/2019\/12\/Wile\u0144ska2_4_w_Warszawie_12-768x510.jpg 768w, https:\/\/bedeker.waw.pl\/wp-content\/uploads\/2019\/12\/Wile\u0144ska2_4_w_Warszawie_12.jpg 1500w\" sizes=\"(max-width: 580px) 100vw, 580px\" \/><\/a><figcaption>  Budynek p\u00f3\u0142nocny przy ul. Wile\u0144skiej 2\/4 w Warszawie.<br>fot. Rafa\u0142 Adrian Kraszewski 2019<\/figcaption><\/figure><\/div>\n\n\n\n<div class=\"wp-block-image\"><figure class=\"aligncenter size-large is-resized\"><a href=\"https:\/\/bedeker.waw.pl\/wp-content\/uploads\/2019\/12\/Wile\u0144ska2_4_w_Warszawie_09.jpg\"><img decoding=\"async\" loading=\"lazy\" src=\"https:\/\/bedeker.waw.pl\/wp-content\/uploads\/2019\/12\/Wile\u0144ska2_4_w_Warszawie_09-1024x681.jpg\" alt=\"\" class=\"wp-image-1331\" width=\"580\" height=\"385\" srcset=\"https:\/\/bedeker.waw.pl\/wp-content\/uploads\/2019\/12\/Wile\u0144ska2_4_w_Warszawie_09-1024x681.jpg 1024w, https:\/\/bedeker.waw.pl\/wp-content\/uploads\/2019\/12\/Wile\u0144ska2_4_w_Warszawie_09-300x199.jpg 300w, https:\/\/bedeker.waw.pl\/wp-content\/uploads\/2019\/12\/Wile\u0144ska2_4_w_Warszawie_09-768x510.jpg 768w, https:\/\/bedeker.waw.pl\/wp-content\/uploads\/2019\/12\/Wile\u0144ska2_4_w_Warszawie_09.jpg 1500w\" sizes=\"(max-width: 580px) 100vw, 580px\" \/><\/a><figcaption>  Budynek p\u00f3\u0142nocny przy ul. Wile\u0144skiej 2\/4 w Warszawie.<br>fot. Rafa\u0142 Adrian Kraszewski 2019 <\/figcaption><\/figure><\/div>\n\n\n\n<div class=\"wp-block-image\"><figure class=\"aligncenter size-large is-resized\"><a href=\"https:\/\/bedeker.waw.pl\/wp-content\/uploads\/2019\/12\/Wile\u0144ska2_4_w_Warszawie_03.jpg\"><img decoding=\"async\" loading=\"lazy\" src=\"https:\/\/bedeker.waw.pl\/wp-content\/uploads\/2019\/12\/Wile\u0144ska2_4_w_Warszawie_03-1024x681.jpg\" alt=\"\" class=\"wp-image-1325\" width=\"580\" height=\"385\" srcset=\"https:\/\/bedeker.waw.pl\/wp-content\/uploads\/2019\/12\/Wile\u0144ska2_4_w_Warszawie_03-1024x681.jpg 1024w, https:\/\/bedeker.waw.pl\/wp-content\/uploads\/2019\/12\/Wile\u0144ska2_4_w_Warszawie_03-300x200.jpg 300w, https:\/\/bedeker.waw.pl\/wp-content\/uploads\/2019\/12\/Wile\u0144ska2_4_w_Warszawie_03-768x511.jpg 768w, https:\/\/bedeker.waw.pl\/wp-content\/uploads\/2019\/12\/Wile\u0144ska2_4_w_Warszawie_03.jpg 1500w\" sizes=\"(max-width: 580px) 100vw, 580px\" \/><\/a><figcaption>  Budynek p\u00f3\u0142nocny przy ul. Wile\u0144skiej 2\/4 w Warszawie.<br>fot. Rafa\u0142 Adrian Kraszewski 2019 <\/figcaption><\/figure><\/div>\n\n\n\n<div class=\"wp-block-image\"><figure class=\"aligncenter size-large is-resized\"><a href=\"https:\/\/bedeker.waw.pl\/wp-content\/uploads\/2019\/12\/Wile\u0144ska2_4_w_Warszawie_11.jpg\"><img decoding=\"async\" loading=\"lazy\" src=\"https:\/\/bedeker.waw.pl\/wp-content\/uploads\/2019\/12\/Wile\u0144ska2_4_w_Warszawie_11-1024x681.jpg\" alt=\"\" class=\"wp-image-1333\" width=\"580\" height=\"385\" srcset=\"https:\/\/bedeker.waw.pl\/wp-content\/uploads\/2019\/12\/Wile\u0144ska2_4_w_Warszawie_11-1024x681.jpg 1024w, https:\/\/bedeker.waw.pl\/wp-content\/uploads\/2019\/12\/Wile\u0144ska2_4_w_Warszawie_11-300x199.jpg 300w, https:\/\/bedeker.waw.pl\/wp-content\/uploads\/2019\/12\/Wile\u0144ska2_4_w_Warszawie_11-768x510.jpg 768w, https:\/\/bedeker.waw.pl\/wp-content\/uploads\/2019\/12\/Wile\u0144ska2_4_w_Warszawie_11.jpg 1500w\" sizes=\"(max-width: 580px) 100vw, 580px\" \/><\/a><figcaption>  Budynek p\u00f3\u0142nocny przy ul. Wile\u0144skiej 2\/4 w Warszawie.<br>fot. Rafa\u0142 Adrian Kraszewski 2019<\/figcaption><\/figure><\/div>\n\n\n\n<p class=\"has-medium-font-size\">Niestety prycze zosta\u0142y usuni\u0119te, a  napisy zamalowano. W ostatnim du\u017cym pomieszczeniu, kto\u015b powiesi\u0142  znalezione r\u00f3\u017ca\u0144ce pochodz\u0105ce najprawdopodobniej z lat 50 XX wieku. <\/p>\n\n\n\n<div class=\"wp-block-image\"><figure class=\"aligncenter size-large is-resized\"><a href=\"https:\/\/bedeker.waw.pl\/wp-content\/uploads\/2019\/12\/Wile\u0144ska2_4_w_Warszawie_01.jpg\"><img decoding=\"async\" loading=\"lazy\" src=\"https:\/\/bedeker.waw.pl\/wp-content\/uploads\/2019\/12\/Wile\u0144ska2_4_w_Warszawie_01.jpg\" alt=\"\" class=\"wp-image-1323\" width=\"414\" height=\"621\" srcset=\"https:\/\/bedeker.waw.pl\/wp-content\/uploads\/2019\/12\/Wile\u0144ska2_4_w_Warszawie_01.jpg 639w, https:\/\/bedeker.waw.pl\/wp-content\/uploads\/2019\/12\/Wile\u0144ska2_4_w_Warszawie_01-200x300.jpg 200w\" sizes=\"(max-width: 414px) 100vw, 414px\" \/><\/a><figcaption>  Budynek p\u00f3\u0142nocny przy ul. Wile\u0144skiej 2\/4 w Warszawie.<br>fot. Rafa\u0142 Adrian Kraszewski 2019 <\/figcaption><\/figure><\/div>\n\n\n\n<p class=\"has-medium-font-size\">Jest  to kolejne miejsce, kt\u00f3re zdradza nam tragiczne, powojenne losy wielu  os\u00f3b. <\/p>\n\n\n\n<div class=\"wp-block-image\"><figure class=\"aligncenter size-large is-resized\"><a href=\"https:\/\/bedeker.waw.pl\/wp-content\/uploads\/2019\/12\/Wile\u0144ska2_4_w_Warszawie_02.jpg\"><img decoding=\"async\" loading=\"lazy\" src=\"https:\/\/bedeker.waw.pl\/wp-content\/uploads\/2019\/12\/Wile\u0144ska2_4_w_Warszawie_02-1024x681.jpg\" alt=\"\" class=\"wp-image-1324\" width=\"580\" height=\"385\" srcset=\"https:\/\/bedeker.waw.pl\/wp-content\/uploads\/2019\/12\/Wile\u0144ska2_4_w_Warszawie_02-1024x681.jpg 1024w, https:\/\/bedeker.waw.pl\/wp-content\/uploads\/2019\/12\/Wile\u0144ska2_4_w_Warszawie_02-300x199.jpg 300w, https:\/\/bedeker.waw.pl\/wp-content\/uploads\/2019\/12\/Wile\u0144ska2_4_w_Warszawie_02-768x510.jpg 768w, https:\/\/bedeker.waw.pl\/wp-content\/uploads\/2019\/12\/Wile\u0144ska2_4_w_Warszawie_02.jpg 1500w\" sizes=\"(max-width: 580px) 100vw, 580px\" \/><\/a><figcaption>  Budynek p\u00f3\u0142nocny przy ul. Wile\u0144skiej 2\/4 w Warszawie.<br>fot. Rafa\u0142 Adrian Kraszewski 2019<\/figcaption><\/figure><\/div>\n","protected":false},"excerpt":{"rendered":"<p>Dwa budynki przy ulicy Wile\u0144skiej 2\/4 w Warszawie powsta\u0142y w latach 1928-1931 wg projektu profesora Mariana Lalewicza. Zosta\u0142y wybudowane razem z ogromnym gmachem dla Warszawskiej Dyrekcji Kolei Pa\u0144stwowych. Przeznaczone by\u0142y&hellip; <\/p>\n","protected":false},"author":2,"featured_media":1324,"comment_status":"closed","ping_status":"open","sticky":false,"template":"","format":"standard","meta":[],"categories":[17,4],"tags":[],"_links":{"self":[{"href":"https:\/\/bedeker.waw.pl\/index.php\/wp-json\/wp\/v2\/posts\/1322"}],"collection":[{"href":"https:\/\/bedeker.waw.pl\/index.php\/wp-json\/wp\/v2\/posts"}],"about":[{"href":"https:\/\/bedeker.waw.pl\/index.php\/wp-json\/wp\/v2\/types\/post"}],"author":[{"embeddable":true,"href":"https:\/\/bedeker.waw.pl\/index.php\/wp-json\/wp\/v2\/users\/2"}],"replies":[{"embeddable":true,"href":"https:\/\/bedeker.waw.pl\/index.php\/wp-json\/wp\/v2\/comments?post=1322"}],"version-history":[{"count":0,"href":"https:\/\/bedeker.waw.pl\/index.php\/wp-json\/wp\/v2\/posts\/1322\/revisions"}],"wp:featuredmedia":[{"embeddable":true,"href":"https:\/\/bedeker.waw.pl\/index.php\/wp-json\/wp\/v2\/media\/1324"}],"wp:attachment":[{"href":"https:\/\/bedeker.waw.pl\/index.php\/wp-json\/wp\/v2\/media?parent=1322"}],"wp:term":[{"taxonomy":"category","embeddable":true,"href":"https:\/\/bedeker.waw.pl\/index.php\/wp-json\/wp\/v2\/categories?post=1322"},{"taxonomy":"post_tag","embeddable":true,"href":"https:\/\/bedeker.waw.pl\/index.php\/wp-json\/wp\/v2\/tags?post=1322"}],"curies":[{"name":"wp","href":"https:\/\/api.w.org\/{rel}","templated":true}]}}